{"id":3631,"date":"2025-12-05T13:40:24","date_gmt":"2025-12-05T13:40:24","guid":{"rendered":"http:\/\/coraldecamaradenavarra.com\/?p=3631"},"modified":"2025-12-10T17:10:18","modified_gmt":"2025-12-10T17:10:18","slug":"de-napoles-a-santiago-de-cuba","status":"publish","type":"post","link":"http:\/\/coraldecamaradenavarra.com\/?p=3631&lang=es","title":{"rendered":"DE N\u00c1POLES A SANTIAGO DE CUBA"},"content":{"rendered":"\n<p>Lamentamos comunicar la <strong>cancelaci\u00f3n definitiva del concierto<\/strong> previsto para los d\u00edas <strong>13 y 14 de diciembre<\/strong>.<br>La decisi\u00f3n se debe a la <strong>baja m\u00e9dica de nuestro director art\u00edstico<\/strong>, a quien deseamos una pronta recuperaci\u00f3n.<\/p>\n\n\n\n<p>Agradecemos vuestra comprensi\u00f3n y lamentamos las molestias.<\/p>\n","protected":false},"excerpt":{"rendered":"<p>Lamentamos comunicar la cancelaci\u00f3n definitiva del concierto previsto para los d\u00edas 13 y 14 de diciembre.La decisi\u00f3n se debe a la baja m\u00e9dica de nuestro director art\u00edstico, a quien deseamos una pronta recuperaci\u00f3n. Agradecemos vuestra comprensi\u00f3n y lamentamos las molestias.<\/p>\n","protected":false},"author":1,"featured_media":3655,"comment_status":"open","ping_status":"open","sticky":false,"template":"","format":"standard","meta":[],"categories":[50,407,43,410],"tags":[],"_links":{"self":[{"href":"http:\/\/coraldecamaradenavarra.com\/index.php?rest_route=\/wp\/v2\/posts\/3631"}],"collection":[{"href":"http:\/\/coraldecamaradenavarra.com\/index.php?rest_route=\/wp\/v2\/posts"}],"about":[{"href":"http:\/\/coraldecamaradenavarra.com\/index.php?rest_route=\/wp\/v2\/types\/post"}],"author":[{"embeddable":true,"href":"http:\/\/coraldecamaradenavarra.com\/index.php?rest_route=\/wp\/v2\/users\/1"}],"replies":[{"embeddable":true,"href":"http:\/\/coraldecamaradenavarra.com\/index.php?rest_route=%2Fwp%2Fv2%2Fcomments&post=3631"}],"version-history":[{"count":2,"href":"http:\/\/coraldecamaradenavarra.com\/index.php?rest_route=\/wp\/v2\/posts\/3631\/revisions"}],"predecessor-version":[{"id":3660,"href":"http:\/\/coraldecamaradenavarra.com\/index.php?rest_route=\/wp\/v2\/posts\/3631\/revisions\/3660"}],"wp:featuredmedia":[{"embeddable":true,"href":"http:\/\/coraldecamaradenavarra.com\/index.php?rest_route=\/wp\/v2\/media\/3655"}],"wp:attachment":[{"href":"http:\/\/coraldecamaradenavarra.com\/index.php?rest_route=%2Fwp%2Fv2%2Fmedia&parent=3631"}],"wp:term":[{"taxonomy":"category","embeddable":true,"href":"http:\/\/coraldecamaradenavarra.com\/index.php?rest_route=%2Fwp%2Fv2%2Fcategories&post=3631"},{"taxonomy":"post_tag","embeddable":true,"href":"http:\/\/coraldecamaradenavarra.com\/index.php?rest_route=%2Fwp%2Fv2%2Ftags&post=3631"}],"curies":[{"name":"wp","href":"https:\/\/api.w.org\/{rel}","templated":true}]}}