{"id":3608,"date":"2025-10-20T12:19:23","date_gmt":"2025-10-20T12:19:23","guid":{"rendered":"http:\/\/coraldecamaradenavarra.com\/?p=3608"},"modified":"2025-10-20T12:19:24","modified_gmt":"2025-10-20T12:19:24","slug":"erresumaren-doinuak-kantaldia","status":"publish","type":"post","link":"http:\/\/coraldecamaradenavarra.com\/?p=3608&lang=es","title":{"rendered":"ERRESUMAREN DOINUAK KANTALDIA"},"content":{"rendered":"\n<p>Este viernes 25 de octubre a las 12:30h, el conjunto vocal femenino Heptamer\u00f3n, dirigido por Miriam Mendive Urtasun, llenar\u00e1 LABA de las melod\u00edas y ritmos del antiguo Reino de Pamplona.<br>Realizando un recorrido por el repertorio popular vasco-navarro, donde las voces se entrelazan para revivir la memoria sonora de nuestra tierra: desde la Pompaelo romana hasta los ecos del viejo reino.<\/p>\n","protected":false},"excerpt":{"rendered":"<p>Este viernes 25 de octubre a las 12:30h, el conjunto vocal femenino Heptamer\u00f3n, dirigido por Miriam Mendive Urtasun, llenar\u00e1 LABA de las melod\u00edas y ritmos del antiguo Reino de Pamplona.Realizando un recorrido por el repertorio popular vasco-navarro, donde las voces se entrelazan para revivir la memoria sonora de nuestra tierra: desde la Pompaelo romana hasta los ecos del viejo reino.<\/p>\n","protected":false},"author":1,"featured_media":3591,"comment_status":"open","ping_status":"open","sticky":false,"template":"","format":"standard","meta":[],"categories":[407,50,43,44],"tags":[],"_links":{"self":[{"href":"http:\/\/coraldecamaradenavarra.com\/index.php?rest_route=\/wp\/v2\/posts\/3608"}],"collection":[{"href":"http:\/\/coraldecamaradenavarra.com\/index.php?rest_route=\/wp\/v2\/posts"}],"about":[{"href":"http:\/\/coraldecamaradenavarra.com\/index.php?rest_route=\/wp\/v2\/types\/post"}],"author":[{"embeddable":true,"href":"http:\/\/coraldecamaradenavarra.com\/index.php?rest_route=\/wp\/v2\/users\/1"}],"replies":[{"embeddable":true,"href":"http:\/\/coraldecamaradenavarra.com\/index.php?rest_route=%2Fwp%2Fv2%2Fcomments&post=3608"}],"version-history":[{"count":1,"href":"http:\/\/coraldecamaradenavarra.com\/index.php?rest_route=\/wp\/v2\/posts\/3608\/revisions"}],"predecessor-version":[{"id":3610,"href":"http:\/\/coraldecamaradenavarra.com\/index.php?rest_route=\/wp\/v2\/posts\/3608\/revisions\/3610"}],"wp:featuredmedia":[{"embeddable":true,"href":"http:\/\/coraldecamaradenavarra.com\/index.php?rest_route=\/wp\/v2\/media\/3591"}],"wp:attachment":[{"href":"http:\/\/coraldecamaradenavarra.com\/index.php?rest_route=%2Fwp%2Fv2%2Fmedia&parent=3608"}],"wp:term":[{"taxonomy":"category","embeddable":true,"href":"http:\/\/coraldecamaradenavarra.com\/index.php?rest_route=%2Fwp%2Fv2%2Fcategories&post=3608"},{"taxonomy":"post_tag","embeddable":true,"href":"http:\/\/coraldecamaradenavarra.com\/index.php?rest_route=%2Fwp%2Fv2%2Ftags&post=3608"}],"curies":[{"name":"wp","href":"https:\/\/api.w.org\/{rel}","templated":true}]}}