{"id":3590,"date":"2025-10-20T12:06:07","date_gmt":"2025-10-20T12:06:07","guid":{"rendered":"http:\/\/coraldecamaradenavarra.com\/?p=3590"},"modified":"2025-10-20T12:06:08","modified_gmt":"2025-10-20T12:06:08","slug":"sicut-cervus","status":"publish","type":"post","link":"http:\/\/coraldecamaradenavarra.com\/?p=3590&lang=es","title":{"rendered":"SICUT CERVUS"},"content":{"rendered":"\n<h2 class=\"wp-block-heading\"><em>La Capilla Renacentista Michael Navarrus celebra el 500 aniversario de Palestrina con el programa \u201cSicut Cervus\u201d<\/em><\/h2>\n\n\n\n<p><strong>Coral de C\u00e1mara de Navarra \/ Nafarroako Ganbera Abesbatza<\/strong>, dentro de su temporada <em>Encantando 2025<\/em>, presenta un nuevo programa de su <strong>Capilla Renacentista \u201cMichael Navarrus\u201d<\/strong>, dedicado al <strong>500 aniversario del nacimiento de Giovanni Pierluigi da Palestrina<\/strong> (1525\u20131594), figura esencial de la polifon\u00eda sacra europea.<\/p>\n\n\n\n<p>Bajo el t\u00edtulo <em>Sicut Cervus<\/em>, el conjunto ofrecer\u00e1 <strong>dos conciertos<\/strong>, que recorrer\u00e1n una cuidada selecci\u00f3n de motetes y misas del compositor romano \u2014aut\u00e9ntico s\u00edmbolo del equilibrio, la espiritualidad y la belleza sonora del Renacimiento\u2014, en las siguientes fechas:<\/p>\n\n\n\n<ul>\n<li><strong>S\u00e1bado 25 de octubre, 19:00 h.<\/strong> \u2014 <em>Iglesia del Crucifijo<\/em> (Puente la Reina \/ Gares)<\/li>\n\n\n\n<li><strong>Domingo 26 de octubre, 19:30 h.<\/strong> \u2014 <em>Iglesia de los Carmelitas Descalzos<\/em> (Pamplona \/ Iru\u00f1ea)<br><\/li>\n<\/ul>\n\n\n\n<p>El segundo concierto, en Pamplona, tendr\u00e1 adem\u00e1s un <strong>car\u00e1cter solidario<\/strong>, ya que ser\u00e1 ofrecido <strong>en favor de la Sociedad Musical d\u2019Algemes\u00ed<\/strong> (Valencia), una de las entidades culturales m\u00e1s antiguas de la ciudad, fundada en 1837. Tras los graves da\u00f1os sufridos por las inundaciones provocadas por la DANA de 2024, <strong>la recaudaci\u00f3n \u00edntegra se destinar\u00e1 a apoyar su proceso de reconstrucci\u00f3n<\/strong>, reforzando as\u00ed el compromiso social y colaborativo de la Coral de C\u00e1mara de Navarra.<\/p>\n\n\n\n<p>La <strong>direcci\u00f3n art\u00edstica<\/strong> correr\u00e1 a cargo de <strong>David Guindano Igarreta<\/strong>, quien adem\u00e1s ofrecer\u00e1 una <strong>breve conferencia introductoria<\/strong> sobre la figura y el legado de Palestrina antes de cada concierto.<\/p>\n\n\n\n<p>El programa <em>Sicut Cervus<\/em> se inscribe en la <strong>l\u00ednea fundacional de la Capilla Renacentista \u201cMichael Navarrus\u201d<\/strong>, dedicada a la <strong>interpretaci\u00f3n hist\u00f3ricamente informada<\/strong> del repertorio vocal europeo.<\/p>\n","protected":false},"excerpt":{"rendered":"<p>La Capilla Renacentista Michael Navarrus celebra el 500 aniversario de Palestrina con el programa \u201cSicut Cervus\u201d Coral de C\u00e1mara de Navarra \/ Nafarroako Ganbera Abesbatza, dentro de su temporada Encantando 2025, presenta un nuevo programa de su Capilla Renacentista \u201cMichael Navarrus\u201d, dedicado al 500 aniversario del nacimiento de Giovanni Pierluigi da Palestrina (1525\u20131594), figura esencial de la polifon\u00eda sacra europea.<\/p>\n","protected":false},"author":1,"featured_media":3592,"comment_status":"open","ping_status":"open","sticky":false,"template":"","format":"standard","meta":[],"categories":[407,40,44],"tags":[96,133,97],"_links":{"self":[{"href":"http:\/\/coraldecamaradenavarra.com\/index.php?rest_route=\/wp\/v2\/posts\/3590"}],"collection":[{"href":"http:\/\/coraldecamaradenavarra.com\/index.php?rest_route=\/wp\/v2\/posts"}],"about":[{"href":"http:\/\/coraldecamaradenavarra.com\/index.php?rest_route=\/wp\/v2\/types\/post"}],"author":[{"embeddable":true,"href":"http:\/\/coraldecamaradenavarra.com\/index.php?rest_route=\/wp\/v2\/users\/1"}],"replies":[{"embeddable":true,"href":"http:\/\/coraldecamaradenavarra.com\/index.php?rest_route=%2Fwp%2Fv2%2Fcomments&post=3590"}],"version-history":[{"count":1,"href":"http:\/\/coraldecamaradenavarra.com\/index.php?rest_route=\/wp\/v2\/posts\/3590\/revisions"}],"predecessor-version":[{"id":3593,"href":"http:\/\/coraldecamaradenavarra.com\/index.php?rest_route=\/wp\/v2\/posts\/3590\/revisions\/3593"}],"wp:featuredmedia":[{"embeddable":true,"href":"http:\/\/coraldecamaradenavarra.com\/index.php?rest_route=\/wp\/v2\/media\/3592"}],"wp:attachment":[{"href":"http:\/\/coraldecamaradenavarra.com\/index.php?rest_route=%2Fwp%2Fv2%2Fmedia&parent=3590"}],"wp:term":[{"taxonomy":"category","embeddable":true,"href":"http:\/\/coraldecamaradenavarra.com\/index.php?rest_route=%2Fwp%2Fv2%2Fcategories&post=3590"},{"taxonomy":"post_tag","embeddable":true,"href":"http:\/\/coraldecamaradenavarra.com\/index.php?rest_route=%2Fwp%2Fv2%2Ftags&post=3590"}],"curies":[{"name":"wp","href":"https:\/\/api.w.org\/{rel}","templated":true}]}}