{"id":3583,"date":"2025-10-14T12:39:54","date_gmt":"2025-10-14T12:39:54","guid":{"rendered":"http:\/\/coraldecamaradenavarra.com\/?p=3583"},"modified":"2025-10-14T12:39:54","modified_gmt":"2025-10-14T12:39:54","slug":"zarzuela-y-mujer","status":"publish","type":"post","link":"http:\/\/coraldecamaradenavarra.com\/?p=3583&lang=es","title":{"rendered":"ZARZUELA Y MUJER"},"content":{"rendered":"\n<h2 class=\"wp-block-heading\"><em>\u201cSi las mujeres mandasen\u201d: zarzuela, mujer y mirada feminista<\/em><\/h2>\n\n\n\n<p><strong>Coral de C\u00e1mara de Navarra<\/strong> presenta <em>\u201cSi las mujeres mandasen\u201d<\/em>, un singular espect\u00e1culo musical que invita a reflexionar sobre los estereotipos femeninos en la zarzuela y en la m\u00fasica esc\u00e9nica espa\u00f1ola del siglo XX, desde una perspectiva contempor\u00e1nea y de g\u00e9nero.<\/p>\n\n\n\n<p>El acto contar\u00e1 con la participaci\u00f3n de la investigadora y divulgadora <strong>Pilar del Valle de Lersundi<\/strong>, que introducir\u00e1 la jornada con una charla titulada <em>\u201cLas mujeres en la zarzuela: realidad y ficci\u00f3n. Artistas y arquetipos femeninos desde una perspectiva de g\u00e9nero\u201d<\/em>. A trav\u00e9s de ejemplos y an\u00e1lisis, la ponente abordar\u00e1 c\u00f3mo las obras l\u00edricas reflejaron \u2014y a menudo cuestionaron\u2014 los roles femeninos en la sociedad de su tiempo.<\/p>\n\n\n\n<p>Tras la intervenci\u00f3n, el p\u00fablico podr\u00e1 disfrutar de una selecci\u00f3n de piezas interpretadas por las sopranos <strong>Mar\u00eda Jos\u00e9 Santamar\u00eda Ulecia<\/strong> y <strong>Mar\u00eda Dolores Elorza Ciaurriz<\/strong>, acompa\u00f1adas al piano por <strong>Miguel Etayo<\/strong>. Las artistas dar\u00e1n vida a fragmentos de zarzuelas, revistas y cupl\u00e9s muy conocidos, tejidos dentro de un relato esc\u00e9nico que combina humor, emoci\u00f3n y cr\u00edtica social.<\/p>\n\n\n\n<p>\u201c<strong>Si las mujeres mandasen<\/strong>\u201d propone as\u00ed un di\u00e1logo entre pasado y presente: una reivindicaci\u00f3n de la voz femenina en el arte y en la vida, a trav\u00e9s de la m\u00fasica y la palabra.<\/p>\n","protected":false},"excerpt":{"rendered":"<p>\u201cSi las mujeres mandasen\u201d: zarzuela, mujer y mirada feminista Coral de C\u00e1mara de Navarra presenta \u201cSi las mujeres mandasen\u201d, un singular espect\u00e1culo musical que invita a reflexionar sobre los estereotipos femeninos en la zarzuela y en la m\u00fasica esc\u00e9nica espa\u00f1ola del siglo XX, desde una perspectiva contempor\u00e1nea y de g\u00e9nero. El acto contar\u00e1 con la participaci\u00f3n de la investigadora y<\/p>\n","protected":false},"author":3,"featured_media":3585,"comment_status":"open","ping_status":"open","sticky":false,"template":"","format":"standard","meta":[],"categories":[407,43,44],"tags":[],"_links":{"self":[{"href":"http:\/\/coraldecamaradenavarra.com\/index.php?rest_route=\/wp\/v2\/posts\/3583"}],"collection":[{"href":"http:\/\/coraldecamaradenavarra.com\/index.php?rest_route=\/wp\/v2\/posts"}],"about":[{"href":"http:\/\/coraldecamaradenavarra.com\/index.php?rest_route=\/wp\/v2\/types\/post"}],"author":[{"embeddable":true,"href":"http:\/\/coraldecamaradenavarra.com\/index.php?rest_route=\/wp\/v2\/users\/3"}],"replies":[{"embeddable":true,"href":"http:\/\/coraldecamaradenavarra.com\/index.php?rest_route=%2Fwp%2Fv2%2Fcomments&post=3583"}],"version-history":[{"count":1,"href":"http:\/\/coraldecamaradenavarra.com\/index.php?rest_route=\/wp\/v2\/posts\/3583\/revisions"}],"predecessor-version":[{"id":3586,"href":"http:\/\/coraldecamaradenavarra.com\/index.php?rest_route=\/wp\/v2\/posts\/3583\/revisions\/3586"}],"wp:featuredmedia":[{"embeddable":true,"href":"http:\/\/coraldecamaradenavarra.com\/index.php?rest_route=\/wp\/v2\/media\/3585"}],"wp:attachment":[{"href":"http:\/\/coraldecamaradenavarra.com\/index.php?rest_route=%2Fwp%2Fv2%2Fmedia&parent=3583"}],"wp:term":[{"taxonomy":"category","embeddable":true,"href":"http:\/\/coraldecamaradenavarra.com\/index.php?rest_route=%2Fwp%2Fv2%2Fcategories&post=3583"},{"taxonomy":"post_tag","embeddable":true,"href":"http:\/\/coraldecamaradenavarra.com\/index.php?rest_route=%2Fwp%2Fv2%2Ftags&post=3583"}],"curies":[{"name":"wp","href":"https:\/\/api.w.org\/{rel}","templated":true}]}}