{"id":3570,"date":"2025-09-29T11:30:38","date_gmt":"2025-09-29T11:30:38","guid":{"rendered":"http:\/\/coraldecamaradenavarra.com\/?p=3570"},"modified":"2025-09-29T11:30:40","modified_gmt":"2025-09-29T11:30:40","slug":"navarra-xx","status":"publish","type":"post","link":"http:\/\/coraldecamaradenavarra.com\/?p=3570&lang=es","title":{"rendered":"NAVARRA XX"},"content":{"rendered":"\n<p><strong>Coral de C\u00e1mara de Navarra \/ Nafarroako Ganbera Abesbatza (CCN\/NGA)<\/strong> ofrecer\u00e1 el pr\u00f3ximo <strong>viernes 3 de octubre a las 19:00 horas en la Iglesia de San Jorge de Pamplona\/Iru\u00f1ea<\/strong> un concierto extraordinario en el que se recorrer\u00e1 el repertorio coral m\u00e1s destacado de compositoras y compositores navarros del siglo XX.<\/p>\n\n\n\n<p>El programa incluye un momento hist\u00f3rico: el <strong>estreno en Navarra de la <\/strong><strong><em>Misa para la Asunci\u00f3n<\/em><\/strong>, obra de la compositora navarra <strong>Emiliana de Zubeldia<\/strong>, cuya recuperaci\u00f3n supone un hito en la difusi\u00f3n de la creaci\u00f3n musical navarra.<\/p>\n\n\n\n<p>La interpretaci\u00f3n correr\u00e1 a cargo de la <strong>Formaci\u00f3n Cl\u00e1sica de la Coral de C\u00e1mara de Navarra<\/strong>, integrada por 20 coralistas y bajo la direcci\u00f3n art\u00edstica de <strong>David Guindano Igarreta<\/strong>. El concierto se plantea en un <strong>formato pedag\u00f3gico de \u201cconcierto comentado\u201d<\/strong>, con explicaciones que guiar\u00e1n al p\u00fablico a trav\u00e9s de las obras, su contexto y las diferentes tendencias est\u00e9ticas del siglo pasado.<\/p>\n\n\n\n<p>El evento se estructurar\u00e1 en dos partes:<\/p>\n\n\n\n<ol>\n<li><strong>La interpretaci\u00f3n de la <\/strong><strong><em>Misa para la Asunci\u00f3n<\/em><\/strong> de Emiliana de Zubeldia.<\/li>\n\n\n\n<li><strong>Un peque\u00f1o concierto<\/strong>, con otras obras representativas del repertorio coral navarro del siglo XX.<\/li>\n<\/ol>\n\n\n\n<p>Con este proyecto, la Coral de C\u00e1mara de Navarra refuerza su compromiso con la <strong>difusi\u00f3n del patrimonio musical navarro<\/strong>, ofreciendo al p\u00fablico tanto la posibilidad de disfrutar de un estreno in\u00e9dito como de conocer mejor la riqueza y diversidad de la m\u00fasica coral de nuestra tierra.<\/p>\n","protected":false},"excerpt":{"rendered":"<p>Coral de C\u00e1mara de Navarra \/ Nafarroako Ganbera Abesbatza (CCN\/NGA) ofrecer\u00e1 el pr\u00f3ximo viernes 3 de octubre a las 19:00 horas en la Iglesia de San Jorge de Pamplona\/Iru\u00f1ea un concierto extraordinario en el que se recorrer\u00e1 el repertorio coral m\u00e1s destacado de compositoras y compositores navarros del siglo XX. El programa incluye un momento hist\u00f3rico: el estreno en Navarra<\/p>\n","protected":false},"author":1,"featured_media":3573,"comment_status":"open","ping_status":"open","sticky":false,"template":"","format":"standard","meta":[],"categories":[407,43,44],"tags":[],"_links":{"self":[{"href":"http:\/\/coraldecamaradenavarra.com\/index.php?rest_route=\/wp\/v2\/posts\/3570"}],"collection":[{"href":"http:\/\/coraldecamaradenavarra.com\/index.php?rest_route=\/wp\/v2\/posts"}],"about":[{"href":"http:\/\/coraldecamaradenavarra.com\/index.php?rest_route=\/wp\/v2\/types\/post"}],"author":[{"embeddable":true,"href":"http:\/\/coraldecamaradenavarra.com\/index.php?rest_route=\/wp\/v2\/users\/1"}],"replies":[{"embeddable":true,"href":"http:\/\/coraldecamaradenavarra.com\/index.php?rest_route=%2Fwp%2Fv2%2Fcomments&post=3570"}],"version-history":[{"count":1,"href":"http:\/\/coraldecamaradenavarra.com\/index.php?rest_route=\/wp\/v2\/posts\/3570\/revisions"}],"predecessor-version":[{"id":3574,"href":"http:\/\/coraldecamaradenavarra.com\/index.php?rest_route=\/wp\/v2\/posts\/3570\/revisions\/3574"}],"wp:featuredmedia":[{"embeddable":true,"href":"http:\/\/coraldecamaradenavarra.com\/index.php?rest_route=\/wp\/v2\/media\/3573"}],"wp:attachment":[{"href":"http:\/\/coraldecamaradenavarra.com\/index.php?rest_route=%2Fwp%2Fv2%2Fmedia&parent=3570"}],"wp:term":[{"taxonomy":"category","embeddable":true,"href":"http:\/\/coraldecamaradenavarra.com\/index.php?rest_route=%2Fwp%2Fv2%2Fcategories&post=3570"},{"taxonomy":"post_tag","embeddable":true,"href":"http:\/\/coraldecamaradenavarra.com\/index.php?rest_route=%2Fwp%2Fv2%2Ftags&post=3570"}],"curies":[{"name":"wp","href":"https:\/\/api.w.org\/{rel}","templated":true}]}}