{"id":3555,"date":"2025-09-15T17:12:34","date_gmt":"2025-09-15T17:12:34","guid":{"rendered":"http:\/\/coraldecamaradenavarra.com\/?p=3555"},"modified":"2025-09-15T17:12:35","modified_gmt":"2025-09-15T17:12:35","slug":"el-techo-de-cristal-hildegard-von-bingen","status":"publish","type":"post","link":"http:\/\/coraldecamaradenavarra.com\/?p=3555&lang=es","title":{"rendered":"EL TECHO DE CRISTAL: Hildegard von Bingen"},"content":{"rendered":"\n<p>El pr\u00f3ximo 22 de septiembre a las 19:00 horas, el Sal\u00f3n Ansoleaga (entrada por C\/ San Francisco, n\u00ba 5) acoger\u00e1 un concierto extraordinario dedicado a la figura de Hildegard von Bingen (1098\u20131179), una de las mujeres m\u00e1s fascinantes y polifac\u00e9ticas de la Edad Media: abadesa, m\u00edstica, poeta, compositora y visionaria, cuya obra sigue inspirando a p\u00fablicos de todo el mundo.<br>El evento forma parte del ciclo plurianual \u201cEl Techo de Cristal\u201d, una iniciativa de la Coral de C\u00e1mara de Navarra que busca dar visibilidad a la repercusi\u00f3n de la mujer a lo largo de la historia de la m\u00fasica coral, subrayando las dificultades que han debido afrontar para abrirse paso en el \u00e1mbito musical y cultural.<br>Bajo la direcci\u00f3n de la reconocida especialista en canto gregoriano Dra. Susi Ferfoglia, el grupo vocal femenino Heptamer\u00f3n interpretar\u00e1 una selecci\u00f3n de obras de Hildegard von Bingen. El programa ofrecer\u00e1 al p\u00fablico la oportunidad \u00fanica de sumergirse en la riqueza sonora, espiritual y po\u00e9tica de esta figura excepcional, declarada Doctora de la Iglesia en 2012 en reconocimiento a su inmensa aportaci\u00f3n a la doctrina y espiritualidad cristianas.<br>Adem\u00e1s del concierto, la jornada incluye un curso especializado impartido por la Dra. Ferfoglia, destinado a profundizar en la obra musical de Hildegard y en su contexto hist\u00f3rico.<br>Con esta cita, la Coral de C\u00e1mara de Navarra refuerza su compromiso con la difusi\u00f3n de repertorios poco habituales en las salas de concierto y con la reivindicaci\u00f3n de la creaci\u00f3n musical femenina a trav\u00e9s de los siglos.<\/p>\n","protected":false},"excerpt":{"rendered":"<p>El pr\u00f3ximo 22 de septiembre a las 19:00 horas, el Sal\u00f3n Ansoleaga (entrada por C\/ San Francisco, n\u00ba 5) acoger\u00e1 un concierto extraordinario dedicado a la figura de Hildegard von Bingen (1098\u20131179), una de las mujeres m\u00e1s fascinantes y polifac\u00e9ticas de la Edad Media: abadesa, m\u00edstica, poeta, compositora y visionaria, cuya obra sigue inspirando a p\u00fablicos de todo el mundo.El<\/p>\n","protected":false},"author":3,"featured_media":3557,"comment_status":"open","ping_status":"open","sticky":false,"template":"","format":"standard","meta":[],"categories":[171],"tags":[],"_links":{"self":[{"href":"http:\/\/coraldecamaradenavarra.com\/index.php?rest_route=\/wp\/v2\/posts\/3555"}],"collection":[{"href":"http:\/\/coraldecamaradenavarra.com\/index.php?rest_route=\/wp\/v2\/posts"}],"about":[{"href":"http:\/\/coraldecamaradenavarra.com\/index.php?rest_route=\/wp\/v2\/types\/post"}],"author":[{"embeddable":true,"href":"http:\/\/coraldecamaradenavarra.com\/index.php?rest_route=\/wp\/v2\/users\/3"}],"replies":[{"embeddable":true,"href":"http:\/\/coraldecamaradenavarra.com\/index.php?rest_route=%2Fwp%2Fv2%2Fcomments&post=3555"}],"version-history":[{"count":1,"href":"http:\/\/coraldecamaradenavarra.com\/index.php?rest_route=\/wp\/v2\/posts\/3555\/revisions"}],"predecessor-version":[{"id":3558,"href":"http:\/\/coraldecamaradenavarra.com\/index.php?rest_route=\/wp\/v2\/posts\/3555\/revisions\/3558"}],"wp:featuredmedia":[{"embeddable":true,"href":"http:\/\/coraldecamaradenavarra.com\/index.php?rest_route=\/wp\/v2\/media\/3557"}],"wp:attachment":[{"href":"http:\/\/coraldecamaradenavarra.com\/index.php?rest_route=%2Fwp%2Fv2%2Fmedia&parent=3555"}],"wp:term":[{"taxonomy":"category","embeddable":true,"href":"http:\/\/coraldecamaradenavarra.com\/index.php?rest_route=%2Fwp%2Fv2%2Fcategories&post=3555"},{"taxonomy":"post_tag","embeddable":true,"href":"http:\/\/coraldecamaradenavarra.com\/index.php?rest_route=%2Fwp%2Fv2%2Ftags&post=3555"}],"curies":[{"name":"wp","href":"https:\/\/api.w.org\/{rel}","templated":true}]}}