{"id":3551,"date":"2025-04-23T16:31:11","date_gmt":"2025-04-23T16:31:11","guid":{"rendered":"http:\/\/coraldecamaradenavarra.com\/?p=3551"},"modified":"2025-04-23T16:32:29","modified_gmt":"2025-04-23T16:32:29","slug":"asamblea-general-ordinaria-de-socios-as-2025-bazkideen-ohiko-batzar-orokorra","status":"publish","type":"post","link":"http:\/\/coraldecamaradenavarra.com\/?p=3551&lang=es","title":{"rendered":"ASAMBLEA GENERAL ORDINARIA DE SOCIOS\/AS 2025 BAZKIDEEN OHIKO BATZAR OROKORRA"},"content":{"rendered":"\n<div class=\"wp-block-columns is-layout-flex wp-container-3\">\n<div class=\"wp-block-column is-layout-flow\">\n<h2 class=\"wp-block-heading\">Asamblea General Ordinaria de Socios\/as de abril de 2025<\/h2>\n\n\n\n<p>Por la presente, se convoca la Asamblea General Ordinaria de Socios de la Coral de C\u00e1mara de<br>Navarra-Nafarroako Ganbera Abezbatza (CCN\/NGA) que tendr\u00e1 lugar el pr\u00f3ximo 26 de abril de 2025 a las 18:30 h en primera convocatoria y a las 19:00 h en segunda convocatoria, en la sede de la Coral, sita en la c\/ Mayor 50 de Pamplona, de acuerdo con el siguiente orden del d\u00eda.<\/p>\n\n\n\n<ol>\n<li>Lectura y aprobaci\u00f3n, si procede, del acta de la sesi\u00f3n anterior<\/li>\n\n\n\n<li>Informe del presidente<\/li>\n\n\n\n<li>Renovaci\u00f3n parcial de la Junta Directiva, en su caso<\/li>\n\n\n\n<li>Presentaci\u00f3n y aprobaci\u00f3n, en su caso, de presupuesto, cuentas y balances de 2024<\/li>\n\n\n\n<li>Presentaci\u00f3n y aprobaci\u00f3n, en su caso, del presupuesto de 2025<\/li>\n\n\n\n<li>Presentaci\u00f3n de la memoria art\u00edstica del a\u00f1o 2024<\/li>\n\n\n\n<li>Presentaci\u00f3n de la actividad art\u00edstica prevista para el a\u00f1o 2025<\/li>\n\n\n\n<li>\u201cFortaleci\u00e9ndonos como instituci\u00f3n relevante fortaleciendo su car\u00e1cter de asociaci\u00f3n\u201d.<\/li>\n\n\n\n<li>Ruegos y preguntas<\/li>\n<\/ol>\n<\/div>\n\n\n\n<div class=\"wp-block-column is-layout-flow\">\n<h2 class=\"wp-block-heading\">Bazkideen Ohiko Batzar Orokorra, 2025eko apirila<\/h2>\n\n\n\n<p>Honen bidez, Nafarroako Ganbera Abezbatzako (CCN\/NGA) Bazkideen Ohiko Batzar Orokorrerako deia egiten da. Batzar hori 2025eko apirilaren 26an izango da, 18:30ean lehen deialdian eta 19:00etan bigarren deialdian, Koralaren egoitzan (Kale Nagusia 50, Iru\u00f1ea), hurrengo gai-zerrendaren arabera.<\/p>\n\n\n\n<p><br>1. Aurreko bilkurako akta irakurtzea eta, hala badagokio, onartzea.<br>2. Lehendakariaren txostena<br>3. Zuzendaritza Batzordea partzialki berritzea, hala badagokio<br>4. 2024ko aurrekontua, kontuak eta balantzeak aurkeztea eta, hala badagokio, onartzea<br>5. 2025eko aurrekontua aurkeztea eta, hala badagokio, onartzea<br>6. 2024ko memoria artistikoaren aurkezpena<br>7. 2025erako aurreikusitako jarduera artistikoaren aurkezpena<br>8. \u00abErakunde garrantzitsu gisa indartuz, elkarte izaera sendotuz\u00bb.<br>9. Galde-eskeak<\/p>\n<\/div>\n<\/div>\n","protected":false},"excerpt":{"rendered":"<p>Asamblea General Ordinaria de Socios\/as de abril de 2025 Por la presente, se convoca la Asamblea General Ordinaria de Socios de la Coral de C\u00e1mara deNavarra-Nafarroako Ganbera Abezbatza (CCN\/NGA) que tendr\u00e1 lugar el pr\u00f3ximo 26 de abril de 2025 a las 18:30 h en primera convocatoria y a las 19:00 h en segunda convocatoria, en la sede de la Coral,<\/p>\n","protected":false},"author":3,"featured_media":3552,"comment_status":"open","ping_status":"open","sticky":false,"template":"","format":"standard","meta":[],"categories":[171],"tags":[],"_links":{"self":[{"href":"http:\/\/coraldecamaradenavarra.com\/index.php?rest_route=\/wp\/v2\/posts\/3551"}],"collection":[{"href":"http:\/\/coraldecamaradenavarra.com\/index.php?rest_route=\/wp\/v2\/posts"}],"about":[{"href":"http:\/\/coraldecamaradenavarra.com\/index.php?rest_route=\/wp\/v2\/types\/post"}],"author":[{"embeddable":true,"href":"http:\/\/coraldecamaradenavarra.com\/index.php?rest_route=\/wp\/v2\/users\/3"}],"replies":[{"embeddable":true,"href":"http:\/\/coraldecamaradenavarra.com\/index.php?rest_route=%2Fwp%2Fv2%2Fcomments&post=3551"}],"version-history":[{"count":2,"href":"http:\/\/coraldecamaradenavarra.com\/index.php?rest_route=\/wp\/v2\/posts\/3551\/revisions"}],"predecessor-version":[{"id":3554,"href":"http:\/\/coraldecamaradenavarra.com\/index.php?rest_route=\/wp\/v2\/posts\/3551\/revisions\/3554"}],"wp:featuredmedia":[{"embeddable":true,"href":"http:\/\/coraldecamaradenavarra.com\/index.php?rest_route=\/wp\/v2\/media\/3552"}],"wp:attachment":[{"href":"http:\/\/coraldecamaradenavarra.com\/index.php?rest_route=%2Fwp%2Fv2%2Fmedia&parent=3551"}],"wp:term":[{"taxonomy":"category","embeddable":true,"href":"http:\/\/coraldecamaradenavarra.com\/index.php?rest_route=%2Fwp%2Fv2%2Fcategories&post=3551"},{"taxonomy":"post_tag","embeddable":true,"href":"http:\/\/coraldecamaradenavarra.com\/index.php?rest_route=%2Fwp%2Fv2%2Ftags&post=3551"}],"curies":[{"name":"wp","href":"https:\/\/api.w.org\/{rel}","templated":true}]}}