{"id":3542,"date":"2025-02-27T17:06:15","date_gmt":"2025-02-27T17:06:15","guid":{"rendered":"http:\/\/coraldecamaradenavarra.com\/?p=3542"},"modified":"2025-02-27T17:07:52","modified_gmt":"2025-02-27T17:07:52","slug":"vida-y-lucha-homenaje-a-manuela-jimeno-gracia","status":"publish","type":"post","link":"http:\/\/coraldecamaradenavarra.com\/?p=3542&lang=es","title":{"rendered":"VIDA Y LUCHA: Homenaje a Manuela Jimeno Gracia"},"content":{"rendered":"\n<p>Coral de C\u00e1mara de Navarra\/Nafarroako Ganbera Abesbatza, a trav\u00e9s de su secci\u00f3n Heptameron, presenta \u00abVIDA Y LUCHA: Homenaje a Manuela Jimeno Gracia\u00bb, un evento conmemorativo que tendr\u00e1 lugar el pr\u00f3ximo <strong>9 de marzo a las 12:30 en el Sal\u00f3n Ansoleaga (Sede de la Mancomunidad de Pamplona\/Iru\u00f1ea)<\/strong>, enmarcado dentro de los actos reivindicativos del D\u00eda Internacional de la Mujer.&nbsp;<\/p>\n\n\n\n<p>Este concierto-homenaje est\u00e1 dedicado a la figura de Manuela Jimeno Gracia, cuyo compromiso social, cultural y acad\u00e9mico dej\u00f3 una huella imborrable. Como reconocimiento a su trayectoria, el CCN\/NGA le concede, a t\u00edtulo p\u00f3stumo, el t\u00edtulo de Socia de Honor. El evento ofrecer\u00e1 un recorrido por los momentos m\u00e1s significativos de su vida, combinando narraciones sobre su legado con interpretaciones musicales que evocan las distintas etapas de su vida y las obras que marcaron su trayectoria. Esta combinaci\u00f3n permitir\u00e1 al p\u00fablico conectar emocionalmente con su historia y reflexionar sobre la importancia de su legado.<\/p>\n\n\n\n<p>El objetivo del evento es rendir homenaje a Manuela Jimeno Gracia como referente de lucha y compromiso social, promover la reflexi\u00f3n sobre el papel de las mujeres en la sociedad en el marco del D\u00eda Internacional de la Mujer, difundir el patrimonio musical vinculado a distintas \u00e9pocas y estilos resaltando su valor cultural y fomentar la participaci\u00f3n del p\u00fablico en actividades culturales con una fuerte carga simb\u00f3lica y social.&nbsp;<\/p>\n\n\n\n<p>El repertorio del concierto incluir\u00e1 obras del Renacimiento, Clasicismo, m\u00fasica del siglo XIX y folklore vasco-navarro, creando un di\u00e1logo entre la historia, la m\u00fasica y la memoria de Manuela Jimeno. Este evento est\u00e1 dirigido a toda la comunidad, con especial invitaci\u00f3n a representantes de instituciones culturales, mujeres activistas, estudiantes y p\u00fablico en general interesado en la historia, la m\u00fasica y la igualdad de g\u00e9nero. La actividad, de una duraci\u00f3n aproximada de 70 minutos, ser\u00e1 una oportunidad para reivindicar la memoria de una mujer singular y disfrutar de un concierto que une arte, historia y compromiso social.<\/p>\n\n\n\n<figure class=\"wp-block-gallery has-nested-images columns-default is-cropped wp-block-gallery-1 is-layout-flex\">\n<figure class=\"wp-block-image size-large is-style-default\"><a class=\"single_photoswipe\" data-size=\"1080x1080\" href=\"http:\/\/coraldecamaradenavarra.com\/wp-content\/uploads\/2025\/02\/RRSS-2025.jpg\"><img decoding=\"async\" loading=\"lazy\" width=\"1024\" height=\"1024\" data-id=\"3544\"  src=\"http:\/\/coraldecamaradenavarra.com\/wp-content\/uploads\/2025\/02\/RRSS-2025-1024x1024.jpg\" alt=\"\" class=\"wp-image-3544\" srcset=\"http:\/\/coraldecamaradenavarra.com\/wp-content\/uploads\/2025\/02\/RRSS-2025-1024x1024.jpg 1024w, http:\/\/coraldecamaradenavarra.com\/wp-content\/uploads\/2025\/02\/RRSS-2025-300x300.jpg 300w, http:\/\/coraldecamaradenavarra.com\/wp-content\/uploads\/2025\/02\/RRSS-2025-150x150.jpg 150w, http:\/\/coraldecamaradenavarra.com\/wp-content\/uploads\/2025\/02\/RRSS-2025-768x768.jpg 768w, http:\/\/coraldecamaradenavarra.com\/wp-content\/uploads\/2025\/02\/RRSS-2025.jpg 1080w\" sizes=\"(max-width: 1024px) 100vw, 1024px\" \/><\/a><\/figure>\n<\/figure>\n","protected":false},"excerpt":{"rendered":"<p>Coral de C\u00e1mara de Navarra\/Nafarroako Ganbera Abesbatza, a trav\u00e9s de su secci\u00f3n Heptameron, presenta \u00abVIDA Y LUCHA: Homenaje a Manuela Jimeno Gracia\u00bb, un evento conmemorativo que tendr\u00e1 lugar el pr\u00f3ximo 9 de marzo a las 12:30 en el Sal\u00f3n Ansoleaga (Sede de la Mancomunidad de Pamplona\/Iru\u00f1ea), enmarcado dentro de los actos reivindicativos del D\u00eda Internacional de la Mujer. Este concierto-homenaje<\/p>\n","protected":false},"author":1,"featured_media":3543,"comment_status":"open","ping_status":"open","sticky":false,"template":"","format":"standard","meta":[],"categories":[43,44],"tags":[],"_links":{"self":[{"href":"http:\/\/coraldecamaradenavarra.com\/index.php?rest_route=\/wp\/v2\/posts\/3542"}],"collection":[{"href":"http:\/\/coraldecamaradenavarra.com\/index.php?rest_route=\/wp\/v2\/posts"}],"about":[{"href":"http:\/\/coraldecamaradenavarra.com\/index.php?rest_route=\/wp\/v2\/types\/post"}],"author":[{"embeddable":true,"href":"http:\/\/coraldecamaradenavarra.com\/index.php?rest_route=\/wp\/v2\/users\/1"}],"replies":[{"embeddable":true,"href":"http:\/\/coraldecamaradenavarra.com\/index.php?rest_route=%2Fwp%2Fv2%2Fcomments&post=3542"}],"version-history":[{"count":3,"href":"http:\/\/coraldecamaradenavarra.com\/index.php?rest_route=\/wp\/v2\/posts\/3542\/revisions"}],"predecessor-version":[{"id":3547,"href":"http:\/\/coraldecamaradenavarra.com\/index.php?rest_route=\/wp\/v2\/posts\/3542\/revisions\/3547"}],"wp:featuredmedia":[{"embeddable":true,"href":"http:\/\/coraldecamaradenavarra.com\/index.php?rest_route=\/wp\/v2\/media\/3543"}],"wp:attachment":[{"href":"http:\/\/coraldecamaradenavarra.com\/index.php?rest_route=%2Fwp%2Fv2%2Fmedia&parent=3542"}],"wp:term":[{"taxonomy":"category","embeddable":true,"href":"http:\/\/coraldecamaradenavarra.com\/index.php?rest_route=%2Fwp%2Fv2%2Fcategories&post=3542"},{"taxonomy":"post_tag","embeddable":true,"href":"http:\/\/coraldecamaradenavarra.com\/index.php?rest_route=%2Fwp%2Fv2%2Ftags&post=3542"}],"curies":[{"name":"wp","href":"https:\/\/api.w.org\/{rel}","templated":true}]}}