{"id":3530,"date":"2024-12-04T16:49:49","date_gmt":"2024-12-04T16:49:49","guid":{"rendered":"http:\/\/coraldecamaradenavarra.com\/?p=3530"},"modified":"2024-12-04T16:59:53","modified_gmt":"2024-12-04T16:59:53","slug":"o-magnum-mysterium","status":"publish","type":"post","link":"http:\/\/coraldecamaradenavarra.com\/?p=3530&lang=es","title":{"rendered":"O MAGNUM MYSTERIUM!"},"content":{"rendered":"\n<p>La <strong>Capilla Renacentista Michael Navarrus <\/strong>dirigida por David Guindano Igarreta, ofrecer\u00e1 el pr\u00f3ximo 15 de diciembre un concierto ben\u00e9fico titulado \u00abO Magnum<strong> Mysterium!\u201d<\/strong>. Este evento \u00fanico combinar\u00e1 la m\u00fasica sacra y festiva del Renacimiento espa\u00f1ol con un prop\u00f3sito solidario: recaudar fondos en apoyo de <strong>Solidarios con Arua\/Arua Elkartasuna<\/strong>, una ONG navarra que trabaja desde hace m\u00e1s de 30 a\u00f1os en proyectos de desarrollo en Uganda.<\/p>\n\n\n\n<h3 class=\"wp-block-heading\"><strong>Un programa lleno de profundidad y festividad<\/strong><\/h3>\n\n\n\n<p>El repertorio del concierto ofrece un recorrido \u00fanico por la riqueza cultural del Renacimiento espa\u00f1ol. La obra central ser\u00e1 la <strong>misa O magnum mysterium<\/strong> de <strong>Tom\u00e1s Luis de Victoria<\/strong>, basada en su motete hom\u00f3nimo, una pieza que explora el misterio de la Encarnaci\u00f3n con un magistral uso del contrapunto y una espiritualidad conmovedora.<\/p>\n\n\n\n<p>El programa tambi\u00e9n incluye:<\/p>\n\n\n\n<ul>\n<li><strong>Motete O magnum mysterium<\/strong> \u2013 Tom\u00e1s Luis de Victoria<\/li>\n\n\n\n<li><strong>Todo quanto pude dar<\/strong> \u2013 Francisco Guerrero<\/li>\n\n\n\n<li>Cinco villancicos del <strong>Cancionero de Uppsala<\/strong><\/li>\n\n\n\n<li><strong>La negrina<\/strong> \u2013 Mateo Flecha \u00abel Viejo\u00bb<\/li>\n<\/ul>\n\n\n\n<p>En esta velada, la solemnidad de la m\u00fasica sacra se fusionar\u00e1 con la celebraci\u00f3n y el gozo humano de la Navidad, evocando el equilibrio perfecto entre devoci\u00f3n y festividad que caracteriza la tradici\u00f3n musical del Siglo de Oro espa\u00f1ol.<\/p>\n\n\n\n<h3 class=\"wp-block-heading\">Un concierto con causa solidaria<\/h3>\n\n\n\n<p>Todos los fondos recaudados en este evento se destinar\u00e1n \u00edntegramente a <strong>Solidarios con Arua\/Arua Elkartasuna<\/strong>, una ONG de Burlada (Navarra) que trabaja en la regi\u00f3n del Nilo Occidental, al norte de Uganda. Desde su creaci\u00f3n en 1990, la organizaci\u00f3n ha impulsado numerosos proyectos de desarrollo en \u00e1reas como la educaci\u00f3n, la salud y la sostenibilidad comunitaria, siguiendo su lema de \u00abSolidaridad creativa\u00bb.<\/p>\n\n\n\n<p>El Hermanamiento, su se\u00f1a de identidad, permite una colaboraci\u00f3n directa y personalizada con las comunidades locales, asegurando que las necesidades se aborden de manera eficiente. Actualmente, la ONG trabaja de la mano de la organizaci\u00f3n local <strong>Cooperative Growth Uganda<\/strong>, fortaleciendo la relaci\u00f3n y el impacto de sus proyectos.<\/p>\n\n\n\n<p><strong>O MAGNUM MYSTERIUM!<\/strong><\/p>\n\n\n\n<ul>\n<li><strong>Lugar:<\/strong> Iglesia de las Carmelitas Descalzas de San Jos\u00e9 (C. Salsipuedes)<\/li>\n\n\n\n<li><strong>Fecha y hora: <\/strong>Domingo, 15 de diciembre de 2024, a las 20:00 h<\/li>\n\n\n\n<li>Entrada libre hasta completar aforo<\/li>\n<\/ul>\n","protected":false},"excerpt":{"rendered":"<p>La Capilla Renacentista Michael Navarrus dirigida por David Guindano Igarreta, ofrecer\u00e1 el pr\u00f3ximo 15 de diciembre un concierto ben\u00e9fico titulado \u00abO Magnum Mysterium!\u201d. Este evento \u00fanico combinar\u00e1 la m\u00fasica sacra y festiva del Renacimiento espa\u00f1ol con un prop\u00f3sito solidario: recaudar fondos en apoyo de Solidarios con Arua\/Arua Elkartasuna, una ONG navarra que trabaja desde hace m\u00e1s de 30 a\u00f1os en<\/p>\n","protected":false},"author":3,"featured_media":3533,"comment_status":"open","ping_status":"open","sticky":false,"template":"","format":"standard","meta":[],"categories":[171],"tags":[],"_links":{"self":[{"href":"http:\/\/coraldecamaradenavarra.com\/index.php?rest_route=\/wp\/v2\/posts\/3530"}],"collection":[{"href":"http:\/\/coraldecamaradenavarra.com\/index.php?rest_route=\/wp\/v2\/posts"}],"about":[{"href":"http:\/\/coraldecamaradenavarra.com\/index.php?rest_route=\/wp\/v2\/types\/post"}],"author":[{"embeddable":true,"href":"http:\/\/coraldecamaradenavarra.com\/index.php?rest_route=\/wp\/v2\/users\/3"}],"replies":[{"embeddable":true,"href":"http:\/\/coraldecamaradenavarra.com\/index.php?rest_route=%2Fwp%2Fv2%2Fcomments&post=3530"}],"version-history":[{"count":2,"href":"http:\/\/coraldecamaradenavarra.com\/index.php?rest_route=\/wp\/v2\/posts\/3530\/revisions"}],"predecessor-version":[{"id":3535,"href":"http:\/\/coraldecamaradenavarra.com\/index.php?rest_route=\/wp\/v2\/posts\/3530\/revisions\/3535"}],"wp:featuredmedia":[{"embeddable":true,"href":"http:\/\/coraldecamaradenavarra.com\/index.php?rest_route=\/wp\/v2\/media\/3533"}],"wp:attachment":[{"href":"http:\/\/coraldecamaradenavarra.com\/index.php?rest_route=%2Fwp%2Fv2%2Fmedia&parent=3530"}],"wp:term":[{"taxonomy":"category","embeddable":true,"href":"http:\/\/coraldecamaradenavarra.com\/index.php?rest_route=%2Fwp%2Fv2%2Fcategories&post=3530"},{"taxonomy":"post_tag","embeddable":true,"href":"http:\/\/coraldecamaradenavarra.com\/index.php?rest_route=%2Fwp%2Fv2%2Ftags&post=3530"}],"curies":[{"name":"wp","href":"https:\/\/api.w.org\/{rel}","templated":true}]}}