{"id":3517,"date":"2024-10-18T17:16:50","date_gmt":"2024-10-18T17:16:50","guid":{"rendered":"http:\/\/coraldecamaradenavarra.com\/?p=3517"},"modified":"2024-10-18T17:25:22","modified_gmt":"2024-10-18T17:25:22","slug":"sacrificium","status":"publish","type":"post","link":"http:\/\/coraldecamaradenavarra.com\/?p=3517&lang=es","title":{"rendered":"SACRIFICIUM"},"content":{"rendered":"\n<h2 class=\"wp-block-heading\"><em>Conciertos en conmemoraci\u00f3n del 350 aniversario de Giacomo Carissimi<\/em><\/h2>\n\n\n\n<p>El pr\u00f3ximo mes de octubre, dentro de la Temporada \u00abEncantando\u00bb Denboraldia , Coral de C\u00e1mara de Navarra presentar\u00e1 dos conciertos extraordinarios bajo el t\u00edtulo <em>Sacrificium<\/em>, en homenaje al compositor italiano Giacomo Carissimi (1605-1674) por el 350 aniversario de su fallecimiento. Los conciertos se llevar\u00e1n a cabo el 25 de octubre en la Iglesia de San Juan Evangelista de Huarte y el 26 de octubre en la Iglesia de San Saturnino de Pamplona, con un programa que celebra el legado de Carissimi en el desarrollo del oratorio, una forma musical profundamente arraigada en la tradici\u00f3n impulsada por San Felipe Neri.<\/p>\n\n\n\n<p>El repertorio incluye el oratorio <em>Jon\u00e1s<\/em> de Carissimi, y otras obras maestras del compositor. Adem\u00e1s, en honor al 250 aniversario del fallecimiento de Nicol\u00f2 Jommelli (1714-1774), se interpretar\u00e1n piezas selectas de este importante compositor barroco. Ambos conciertos ofrecer\u00e1n una inmersi\u00f3n en la m\u00fasica sacra barroca, uniendo espiritualidad y arte en espacios hist\u00f3ricos.<\/p>\n\n\n\n<h6 class=\"wp-block-heading\">\ud83d\udde1\ufe0fSACRIFICIUM\ud83c\udfdb\ufe0f<br>\ud83d\udccdIglesia de San Juan Evangelista Eliza (Huarte)<br>\ud83d\udcc5 Urriak 25 de octubre<br>\u23f0 20:30h<br><br>\ud83d\udccdIglesia de San Saturnino Eliza (Pamplona\/Iru\u00f1ea)<br>\ud83d\udcc5 Urriak 26 de octubre<br>\u23f0 20h<\/h6>\n\n\n\n<p>La entrada a todos los conciertos ser\u00e1 libre hasta completar aforo.<\/p>\n","protected":false},"excerpt":{"rendered":"<p>Conciertos en conmemoraci\u00f3n del 350 aniversario de Giacomo Carissimi El pr\u00f3ximo mes de octubre, dentro de la Temporada \u00abEncantando\u00bb Denboraldia , Coral de C\u00e1mara de Navarra presentar\u00e1 dos conciertos extraordinarios bajo el t\u00edtulo Sacrificium, en homenaje al compositor italiano Giacomo Carissimi (1605-1674) por el 350 aniversario de su fallecimiento. Los conciertos se llevar\u00e1n a cabo el 25 de octubre en<\/p>\n","protected":false},"author":1,"featured_media":3519,"comment_status":"open","ping_status":"open","sticky":false,"template":"","format":"standard","meta":[],"categories":[171],"tags":[],"_links":{"self":[{"href":"http:\/\/coraldecamaradenavarra.com\/index.php?rest_route=\/wp\/v2\/posts\/3517"}],"collection":[{"href":"http:\/\/coraldecamaradenavarra.com\/index.php?rest_route=\/wp\/v2\/posts"}],"about":[{"href":"http:\/\/coraldecamaradenavarra.com\/index.php?rest_route=\/wp\/v2\/types\/post"}],"author":[{"embeddable":true,"href":"http:\/\/coraldecamaradenavarra.com\/index.php?rest_route=\/wp\/v2\/users\/1"}],"replies":[{"embeddable":true,"href":"http:\/\/coraldecamaradenavarra.com\/index.php?rest_route=%2Fwp%2Fv2%2Fcomments&post=3517"}],"version-history":[{"count":1,"href":"http:\/\/coraldecamaradenavarra.com\/index.php?rest_route=\/wp\/v2\/posts\/3517\/revisions"}],"predecessor-version":[{"id":3520,"href":"http:\/\/coraldecamaradenavarra.com\/index.php?rest_route=\/wp\/v2\/posts\/3517\/revisions\/3520"}],"wp:featuredmedia":[{"embeddable":true,"href":"http:\/\/coraldecamaradenavarra.com\/index.php?rest_route=\/wp\/v2\/media\/3519"}],"wp:attachment":[{"href":"http:\/\/coraldecamaradenavarra.com\/index.php?rest_route=%2Fwp%2Fv2%2Fmedia&parent=3517"}],"wp:term":[{"taxonomy":"category","embeddable":true,"href":"http:\/\/coraldecamaradenavarra.com\/index.php?rest_route=%2Fwp%2Fv2%2Fcategories&post=3517"},{"taxonomy":"post_tag","embeddable":true,"href":"http:\/\/coraldecamaradenavarra.com\/index.php?rest_route=%2Fwp%2Fv2%2Ftags&post=3517"}],"curies":[{"name":"wp","href":"https:\/\/api.w.org\/{rel}","templated":true}]}}