{"id":3500,"date":"2024-09-29T16:41:01","date_gmt":"2024-09-29T16:41:01","guid":{"rendered":"http:\/\/coraldecamaradenavarra.com\/?p=3500"},"modified":"2024-09-29T16:43:57","modified_gmt":"2024-09-29T16:43:57","slug":"euskal-kantak","status":"publish","type":"post","link":"http:\/\/coraldecamaradenavarra.com\/?p=3500&lang=es","title":{"rendered":"EUSKAL KANTAK"},"content":{"rendered":"\n<p>Urriak 13 de octubre \/ Sala Zentral \/ 12:30h<\/p>\n\n\n\n<p>Enmarcada dentro de la conmemoraci\u00f3n del 1200 aniversario de la fundaci\u00f3n del Reino de Navarra, Euskal Kantak presenta a dos de nuestras agrupaciones Heptameron (agrupaci\u00f3n coral integrada exclusivamente por mujeres y de perfil innovador y feminista) y Jazzy Leap (agrupaci\u00f3n mixta de m\u00fasica moderna y jazz), se unen para ofrecer un programa que celebra la rica tradici\u00f3n folcl\u00f3rica vasco-navarra. Durante el concierto se podr\u00e1 disfrutar de canciones en euskera y castellano que forman parte de nuestro patrimonio cultural, combinando melod\u00edas populares con nuevos arreglos y rearmonizaciones que les dan un aire fresco y actual.<\/p>\n\n\n\n<p><strong><a href=\"https:\/\/entradas.zentralpamplona.com\/web\/?menu=1162&amp;pagina=entradas&amp;item=51113&amp;siteID=zentral\" data-type=\"URL\" data-id=\"https:\/\/entradas.zentralpamplona.com\/web\/?menu=1162&amp;pagina=entradas&amp;item=51113&amp;siteID=zentral\">Entradas a la venta\/Sarrerak Salgai<\/a><\/strong><\/p>\n\n\n\n<figure class=\"wp-block-gallery has-nested-images columns-default is-cropped wp-block-gallery-1 is-layout-flex\">\n<figure class=\"wp-block-image size-large is-style-default\"><a class=\"single_photoswipe\" data-size=\"1080x720\" href=\"http:\/\/coraldecamaradenavarra.com\/wp-content\/uploads\/2024\/09\/Jazzy-Leap1-2.jpg\"><img decoding=\"async\" loading=\"lazy\" width=\"1024\" height=\"683\" data-id=\"3509\"  src=\"http:\/\/coraldecamaradenavarra.com\/wp-content\/uploads\/2024\/09\/Jazzy-Leap1-2-1024x683.jpg\" alt=\"\" class=\"wp-image-3509\" srcset=\"http:\/\/coraldecamaradenavarra.com\/wp-content\/uploads\/2024\/09\/Jazzy-Leap1-2-1024x683.jpg 1024w, http:\/\/coraldecamaradenavarra.com\/wp-content\/uploads\/2024\/09\/Jazzy-Leap1-2-300x200.jpg 300w, http:\/\/coraldecamaradenavarra.com\/wp-content\/uploads\/2024\/09\/Jazzy-Leap1-2-768x512.jpg 768w, http:\/\/coraldecamaradenavarra.com\/wp-content\/uploads\/2024\/09\/Jazzy-Leap1-2.jpg 1080w\" sizes=\"(max-width: 1024px) 100vw, 1024px\" \/><\/a><\/figure>\n\n\n\n<figure class=\"wp-block-image size-large is-style-default\"><a class=\"single_photoswipe\" data-size=\"1800x1350\" href=\"http:\/\/coraldecamaradenavarra.com\/wp-content\/uploads\/2024\/09\/Heptameron-2.jpeg\"><img decoding=\"async\" loading=\"lazy\" width=\"1024\" height=\"768\" data-id=\"3511\"  src=\"http:\/\/coraldecamaradenavarra.com\/wp-content\/uploads\/2024\/09\/Heptameron-2-1024x768.jpeg\" alt=\"\" class=\"wp-image-3511\" srcset=\"http:\/\/coraldecamaradenavarra.com\/wp-content\/uploads\/2024\/09\/Heptameron-2-1024x768.jpeg 1024w, http:\/\/coraldecamaradenavarra.com\/wp-content\/uploads\/2024\/09\/Heptameron-2-300x225.jpeg 300w, http:\/\/coraldecamaradenavarra.com\/wp-content\/uploads\/2024\/09\/Heptameron-2-768x576.jpeg 768w, http:\/\/coraldecamaradenavarra.com\/wp-content\/uploads\/2024\/09\/Heptameron-2-1536x1152.jpeg 1536w, http:\/\/coraldecamaradenavarra.com\/wp-content\/uploads\/2024\/09\/Heptameron-2-600x450.jpeg 600w, http:\/\/coraldecamaradenavarra.com\/wp-content\/uploads\/2024\/09\/Heptameron-2.jpeg 1800w\" sizes=\"(max-width: 1024px) 100vw, 1024px\" \/><\/a><\/figure>\n\n\n\n<figure class=\"wp-block-image size-large is-style-default\"><a class=\"single_photoswipe\" data-size=\"1080x1080\" href=\"http:\/\/coraldecamaradenavarra.com\/wp-content\/uploads\/2024\/09\/Euskal-Kantak-2.jpg\"><img decoding=\"async\" loading=\"lazy\" width=\"1024\" height=\"1024\" data-id=\"3510\"  src=\"http:\/\/coraldecamaradenavarra.com\/wp-content\/uploads\/2024\/09\/Euskal-Kantak-2-1024x1024.jpg\" alt=\"\" class=\"wp-image-3510\" srcset=\"http:\/\/coraldecamaradenavarra.com\/wp-content\/uploads\/2024\/09\/Euskal-Kantak-2-1024x1024.jpg 1024w, http:\/\/coraldecamaradenavarra.com\/wp-content\/uploads\/2024\/09\/Euskal-Kantak-2-300x300.jpg 300w, http:\/\/coraldecamaradenavarra.com\/wp-content\/uploads\/2024\/09\/Euskal-Kantak-2-150x150.jpg 150w, http:\/\/coraldecamaradenavarra.com\/wp-content\/uploads\/2024\/09\/Euskal-Kantak-2-768x768.jpg 768w, http:\/\/coraldecamaradenavarra.com\/wp-content\/uploads\/2024\/09\/Euskal-Kantak-2.jpg 1080w\" sizes=\"(max-width: 1024px) 100vw, 1024px\" \/><\/a><\/figure>\n<\/figure>\n","protected":false},"excerpt":{"rendered":"<p>Urriak 13 de octubre \/ Sala Zentral \/ 12:30h Enmarcada dentro de la conmemoraci\u00f3n del 1200 aniversario de la fundaci\u00f3n del Reino de Navarra, Euskal Kantak presenta a dos de nuestras agrupaciones Heptameron (agrupaci\u00f3n coral integrada exclusivamente por mujeres y de perfil innovador y feminista) y Jazzy Leap (agrupaci\u00f3n mixta de m\u00fasica moderna y jazz), se unen para ofrecer un<\/p>\n","protected":false},"author":3,"featured_media":3510,"comment_status":"open","ping_status":"open","sticky":false,"template":"","format":"standard","meta":[],"categories":[171],"tags":[],"_links":{"self":[{"href":"http:\/\/coraldecamaradenavarra.com\/index.php?rest_route=\/wp\/v2\/posts\/3500"}],"collection":[{"href":"http:\/\/coraldecamaradenavarra.com\/index.php?rest_route=\/wp\/v2\/posts"}],"about":[{"href":"http:\/\/coraldecamaradenavarra.com\/index.php?rest_route=\/wp\/v2\/types\/post"}],"author":[{"embeddable":true,"href":"http:\/\/coraldecamaradenavarra.com\/index.php?rest_route=\/wp\/v2\/users\/3"}],"replies":[{"embeddable":true,"href":"http:\/\/coraldecamaradenavarra.com\/index.php?rest_route=%2Fwp%2Fv2%2Fcomments&post=3500"}],"version-history":[{"count":3,"href":"http:\/\/coraldecamaradenavarra.com\/index.php?rest_route=\/wp\/v2\/posts\/3500\/revisions"}],"predecessor-version":[{"id":3513,"href":"http:\/\/coraldecamaradenavarra.com\/index.php?rest_route=\/wp\/v2\/posts\/3500\/revisions\/3513"}],"wp:featuredmedia":[{"embeddable":true,"href":"http:\/\/coraldecamaradenavarra.com\/index.php?rest_route=\/wp\/v2\/media\/3510"}],"wp:attachment":[{"href":"http:\/\/coraldecamaradenavarra.com\/index.php?rest_route=%2Fwp%2Fv2%2Fmedia&parent=3500"}],"wp:term":[{"taxonomy":"category","embeddable":true,"href":"http:\/\/coraldecamaradenavarra.com\/index.php?rest_route=%2Fwp%2Fv2%2Fcategories&post=3500"},{"taxonomy":"post_tag","embeddable":true,"href":"http:\/\/coraldecamaradenavarra.com\/index.php?rest_route=%2Fwp%2Fv2%2Ftags&post=3500"}],"curies":[{"name":"wp","href":"https:\/\/api.w.org\/{rel}","templated":true}]}}