{"id":3496,"date":"2024-07-22T17:19:57","date_gmt":"2024-07-22T17:19:57","guid":{"rendered":"http:\/\/coraldecamaradenavarra.com\/?p=3496"},"modified":"2024-07-22T17:21:17","modified_gmt":"2024-07-22T17:21:17","slug":"asamblea-general-extraordinaria-de-socios","status":"publish","type":"post","link":"http:\/\/coraldecamaradenavarra.com\/?p=3496&lang=es","title":{"rendered":"Asamblea General Extraordinaria de Socios"},"content":{"rendered":"\n<figure class=\"wp-block-image size-full is-style-default\"><a class=\"single_photoswipe\" data-size=\"626x417\" href=\"http:\/\/coraldecamaradenavarra.com\/wp-content\/uploads\/2024\/07\/politico-sentado-mesa-redonda-sala-juntas-junta-directiva-director-ejecutivo-sosteniendo-charla-form.jpg\"><img decoding=\"async\" loading=\"lazy\" width=\"626\" height=\"417\" src=\"http:\/\/coraldecamaradenavarra.com\/wp-content\/uploads\/2024\/07\/politico-sentado-mesa-redonda-sala-juntas-junta-directiva-director-ejecutivo-sosteniendo-charla-form.jpg\" alt=\"\" class=\"wp-image-3497\" srcset=\"http:\/\/coraldecamaradenavarra.com\/wp-content\/uploads\/2024\/07\/politico-sentado-mesa-redonda-sala-juntas-junta-directiva-director-ejecutivo-sosteniendo-charla-form.jpg 626w, http:\/\/coraldecamaradenavarra.com\/wp-content\/uploads\/2024\/07\/politico-sentado-mesa-redonda-sala-juntas-junta-directiva-director-ejecutivo-sosteniendo-charla-form-300x200.jpg 300w\" sizes=\"(max-width: 626px) 100vw, 626px\" \/><\/a><\/figure>\n\n\n\n<h2 class=\"wp-block-heading has-text-align-center\">25 de julio de 2024<\/h2>\n\n\n\n<p>Pamplona\/Iru\u00f1a, 10 de julio de 2024<br>Por la presente, se convoca la Asamblea Extraordinaria Ordinaria de Socios de la Coral de C\u00e1mara<br>de Navarra-Nafarroako Ganbera Abezbatza (CCN\/NGA) que tendr\u00e1 lugar el pr\u00f3ximo 25 de julio<br>de 2024, festividad de Santiago Ap\u00f3stol, a las 19:00 h en primera convocatoria y a las 19:30 h en<br>segunda convocatoria, en la sede de la Coral, sita en la c\/ Mayor 50 de Pamplona, de acuerdo<br>con el siguiente orden del d\u00eda.<br><\/p>\n\n\n\n<p>1. Modificaci\u00f3n de los estatutos de la CCN\/ NGA en los siguientes aspectos:<br>1.1. Compromiso de la CCN\/NGA con la igualdad entre hombres y mujeres.<br>1.2. Uso y fomento del euskera<br>1.3. Plasmaci\u00f3n de los objetivos fundacionales de la CCN\/ NG<br>1.4. Determinaci\u00f3n de los miembros del \u00d3rgano de Representaci\u00f3n de la entidad<br>(Junta Directiva)<\/p>\n\n\n\n<p>2. Ruegos y preguntas<\/p>\n\n\n\n<ol start=\"2\"><\/ol>\n","protected":false},"excerpt":{"rendered":"<p>25 de julio de 2024 Pamplona\/Iru\u00f1a, 10 de julio de 2024Por la presente, se convoca la Asamblea Extraordinaria Ordinaria de Socios de la Coral de C\u00e1marade Navarra-Nafarroako Ganbera Abezbatza (CCN\/NGA) que tendr\u00e1 lugar el pr\u00f3ximo 25 de juliode 2024, festividad de Santiago Ap\u00f3stol, a las 19:00 h en primera convocatoria y a las 19:30 h ensegunda convocatoria, en la sede<\/p>\n","protected":false},"author":3,"featured_media":0,"comment_status":"open","ping_status":"open","sticky":false,"template":"","format":"standard","meta":[],"categories":[171],"tags":[],"_links":{"self":[{"href":"http:\/\/coraldecamaradenavarra.com\/index.php?rest_route=\/wp\/v2\/posts\/3496"}],"collection":[{"href":"http:\/\/coraldecamaradenavarra.com\/index.php?rest_route=\/wp\/v2\/posts"}],"about":[{"href":"http:\/\/coraldecamaradenavarra.com\/index.php?rest_route=\/wp\/v2\/types\/post"}],"author":[{"embeddable":true,"href":"http:\/\/coraldecamaradenavarra.com\/index.php?rest_route=\/wp\/v2\/users\/3"}],"replies":[{"embeddable":true,"href":"http:\/\/coraldecamaradenavarra.com\/index.php?rest_route=%2Fwp%2Fv2%2Fcomments&post=3496"}],"version-history":[{"count":2,"href":"http:\/\/coraldecamaradenavarra.com\/index.php?rest_route=\/wp\/v2\/posts\/3496\/revisions"}],"predecessor-version":[{"id":3499,"href":"http:\/\/coraldecamaradenavarra.com\/index.php?rest_route=\/wp\/v2\/posts\/3496\/revisions\/3499"}],"wp:attachment":[{"href":"http:\/\/coraldecamaradenavarra.com\/index.php?rest_route=%2Fwp%2Fv2%2Fmedia&parent=3496"}],"wp:term":[{"taxonomy":"category","embeddable":true,"href":"http:\/\/coraldecamaradenavarra.com\/index.php?rest_route=%2Fwp%2Fv2%2Fcategories&post=3496"},{"taxonomy":"post_tag","embeddable":true,"href":"http:\/\/coraldecamaradenavarra.com\/index.php?rest_route=%2Fwp%2Fv2%2Ftags&post=3496"}],"curies":[{"name":"wp","href":"https:\/\/api.w.org\/{rel}","templated":true}]}}