{"id":3486,"date":"2024-06-13T08:00:22","date_gmt":"2024-06-13T08:00:22","guid":{"rendered":"http:\/\/coraldecamaradenavarra.com\/?p=3486"},"modified":"2024-06-13T08:05:02","modified_gmt":"2024-06-13T08:05:02","slug":"el-techo-de-cristal","status":"publish","type":"post","link":"http:\/\/coraldecamaradenavarra.com\/?p=3486&lang=es","title":{"rendered":"EL TECHO DE CRISTAL"},"content":{"rendered":"\n<h2 class=\"wp-block-heading\"><em>Conferencia-concierto sobre el papel de la mujer en la m\u00fasica a lo largo de la historia<\/em><\/h2>\n\n\n\n<figure class=\"wp-block-image size-large is-style-default\"><a class=\"single_photoswipe\" data-size=\"1080x1080\" href=\"http:\/\/coraldecamaradenavarra.com\/wp-content\/uploads\/2024\/06\/Presentacion-del-ciclo-El-techo-de-cristal-Emakumeak-musikan-Mujeres-en-la-musica-1.png\"><img decoding=\"async\" loading=\"lazy\" width=\"1024\" height=\"1024\" src=\"http:\/\/coraldecamaradenavarra.com\/wp-content\/uploads\/2024\/06\/Presentacion-del-ciclo-El-techo-de-cristal-Emakumeak-musikan-Mujeres-en-la-musica-1-1024x1024.png\" alt=\"\" class=\"wp-image-3488\" srcset=\"http:\/\/coraldecamaradenavarra.com\/wp-content\/uploads\/2024\/06\/Presentacion-del-ciclo-El-techo-de-cristal-Emakumeak-musikan-Mujeres-en-la-musica-1-1024x1024.png 1024w, http:\/\/coraldecamaradenavarra.com\/wp-content\/uploads\/2024\/06\/Presentacion-del-ciclo-El-techo-de-cristal-Emakumeak-musikan-Mujeres-en-la-musica-1-300x300.png 300w, http:\/\/coraldecamaradenavarra.com\/wp-content\/uploads\/2024\/06\/Presentacion-del-ciclo-El-techo-de-cristal-Emakumeak-musikan-Mujeres-en-la-musica-1-150x150.png 150w, http:\/\/coraldecamaradenavarra.com\/wp-content\/uploads\/2024\/06\/Presentacion-del-ciclo-El-techo-de-cristal-Emakumeak-musikan-Mujeres-en-la-musica-1-768x768.png 768w, http:\/\/coraldecamaradenavarra.com\/wp-content\/uploads\/2024\/06\/Presentacion-del-ciclo-El-techo-de-cristal-Emakumeak-musikan-Mujeres-en-la-musica-1.png 1080w\" sizes=\"(max-width: 1024px) 100vw, 1024px\" \/><\/a><\/figure>\n\n\n\n<div class=\"wp-block-columns is-layout-flex wp-container-2\">\n<div class=\"wp-block-column is-layout-flow\">\n<p>La secci\u00f3n compuesta por mujeres de la Coral de C\u00e1mara de Navarra, Heptameron, dirigida por Miriam Mendive Urtasun y acompa\u00f1ada por Mar\u00eda Rosario Indart Urroz (clave), Carolina Luquin Duarte (soprano) y Arantza Lorenzo Reizabal (organetto), presenta la inauguraci\u00f3n de un ciclo plurianual de conferencias y conciertos cuyo objetivo es propiciar y participar en la reelaboraci\u00f3n de un nuevo discurso musical desde la visi\u00f3n y la voz de mujeres empoderadas.<\/p>\n<\/div>\n<\/div>\n\n\n\n<p>La conferencia ser\u00e1 impartida por la reconocida music\u00f3loga Berta Mar\u00eda Moreno Moreno, quien hilar\u00e1 la historia de la m\u00fasica con la menos conocida historia de las mujeres en la m\u00fasica como int\u00e9rpretes, compositoras o mecenas. Durante la conferencia, se intercalar\u00e1n piezas musicales de autoras como Gracia Baptista, Maddalena Casulana, Isabella Leonarda, Ethel Smyth y Eva Ugalde, permitiendo al p\u00fablico asistente obtener una visi\u00f3n general sobre la situaci\u00f3n de las mujeres en la m\u00fasica a lo largo de la historia.<\/p>\n\n\n\n<p><strong>Lugar: <\/strong>Sal\u00f3n Ansoleaga (C\/ San Francisco 5)<\/p>\n\n\n\n<p><strong>Fecha:<\/strong> Ekainak 17 de junio<\/p>\n\n\n\n<p><strong>Hora: <\/strong>19h<\/p>\n","protected":false},"excerpt":{"rendered":"<p>Conferencia-concierto sobre el papel de la mujer en la m\u00fasica a lo largo de la historia La secci\u00f3n compuesta por mujeres de la Coral de C\u00e1mara de Navarra, Heptameron, dirigida por Miriam Mendive Urtasun y acompa\u00f1ada por Mar\u00eda Rosario Indart Urroz (clave), Carolina Luquin Duarte (soprano) y Arantza Lorenzo Reizabal (organetto), presenta la inauguraci\u00f3n de un ciclo plurianual de conferencias<\/p>\n","protected":false},"author":3,"featured_media":0,"comment_status":"open","ping_status":"open","sticky":false,"template":"","format":"standard","meta":[],"categories":[171],"tags":[],"_links":{"self":[{"href":"http:\/\/coraldecamaradenavarra.com\/index.php?rest_route=\/wp\/v2\/posts\/3486"}],"collection":[{"href":"http:\/\/coraldecamaradenavarra.com\/index.php?rest_route=\/wp\/v2\/posts"}],"about":[{"href":"http:\/\/coraldecamaradenavarra.com\/index.php?rest_route=\/wp\/v2\/types\/post"}],"author":[{"embeddable":true,"href":"http:\/\/coraldecamaradenavarra.com\/index.php?rest_route=\/wp\/v2\/users\/3"}],"replies":[{"embeddable":true,"href":"http:\/\/coraldecamaradenavarra.com\/index.php?rest_route=%2Fwp%2Fv2%2Fcomments&post=3486"}],"version-history":[{"count":4,"href":"http:\/\/coraldecamaradenavarra.com\/index.php?rest_route=\/wp\/v2\/posts\/3486\/revisions"}],"predecessor-version":[{"id":3495,"href":"http:\/\/coraldecamaradenavarra.com\/index.php?rest_route=\/wp\/v2\/posts\/3486\/revisions\/3495"}],"wp:attachment":[{"href":"http:\/\/coraldecamaradenavarra.com\/index.php?rest_route=%2Fwp%2Fv2%2Fmedia&parent=3486"}],"wp:term":[{"taxonomy":"category","embeddable":true,"href":"http:\/\/coraldecamaradenavarra.com\/index.php?rest_route=%2Fwp%2Fv2%2Fcategories&post=3486"},{"taxonomy":"post_tag","embeddable":true,"href":"http:\/\/coraldecamaradenavarra.com\/index.php?rest_route=%2Fwp%2Fv2%2Ftags&post=3486"}],"curies":[{"name":"wp","href":"https:\/\/api.w.org\/{rel}","templated":true}]}}