{"id":3483,"date":"2024-04-16T09:23:26","date_gmt":"2024-04-16T09:23:26","guid":{"rendered":"http:\/\/coraldecamaradenavarra.com\/?p=3483"},"modified":"2024-04-16T09:23:28","modified_gmt":"2024-04-16T09:23:28","slug":"asamblea-ordinaria-de-socios-2024","status":"publish","type":"post","link":"http:\/\/coraldecamaradenavarra.com\/?p=3483&lang=es","title":{"rendered":"ASAMBLEA ORDINARIA DE SOCIOS 2024"},"content":{"rendered":"\n<div class=\"wp-block-columns is-layout-flex wp-container-3\">\n<div class=\"wp-block-column is-layout-flow\">\n<p>Por la presente, se convoca la Asamblea General Ordinaria de Socios de la Coral de C\u00e1mara de Navarra-Nafarroako Ganbera Abezbatza (CCN\/NGA) que tendr\u00e1 lugar el pr\u00f3ximo 26 de abril de 2023 a las 19:00h en primera convocatoria y a las 19:30h en segunda convocatoria, en la sede de la Coral, sita en la c\/ Mayor 50 de Pamplona, de acuerdo con el siguiente orden del d\u00eda. <\/p>\n\n\n\n<p>1. Lectura y aprobaci\u00f3n, si procede, del acta de la sesi\u00f3n anterior<\/p>\n\n\n\n<p>2. Informe del presidente<\/p>\n\n\n\n<p>3. Renovaci\u00f3n parcial de la Junta Directiva, en su caso<\/p>\n\n\n\n<p>4. Presentaci\u00f3n y aprobaci\u00f3n, en su caso, de presupuesto, cuentas y balances de 2023<\/p>\n\n\n\n<p>5. Presentaci\u00f3n y aprobaci\u00f3n, en su caso, del presupuesto de 2024<\/p>\n\n\n\n<p>6. Aprobaci\u00f3n si procede de modificaci\u00f3n de los estatutos<\/p>\n\n\n\n<p>7. Presentaci\u00f3n de la memoria art\u00edstica del a\u00f1o 2023<\/p>\n\n\n\n<p>8. Presentaci\u00f3n de la actividad art\u00edstica prevista para el a\u00f1o 2024<\/p>\n\n\n\n<p>9. Ruegos y preguntas<\/p>\n\n\n\n<p><\/p>\n<\/div>\n\n\n\n<div class=\"wp-block-column is-layout-flow\">\n<p>Honen bidez, Nafarroako Ganbera Abezbatzako (CCN\/NGA) Bazkideen Ohiko Batzar Orokorrerako deia egiten da. Batzar hori 2023ko apirilaren 26an izango da, 19:00etan lehen deialdian eta 19:30ean bigarren deialdian, Koralaren egoitzan (Kale Nagusia 50, Iru\u00f1a), hurrengo gai-zerrendaren arabera.<br><br>1. Aurreko bilkurako akta irakurtzea eta, hala badagokio, onartzea.<br>2. Lehendakariaren txostena<br>3. Zuzendaritza Batzordearen zati bat berritzea, hala badagokio<br>4. 2023ko aurrekontua, kontuak eta balantzeak aurkeztea eta, hala badagokio, onartzea<br>5. 2024ko aurrekontua aurkeztea eta, hala badagokio, onartzea<br>6. Estatutuak aldatzea onartzea, hala badagokio<br>7. 2023ko memoria artistikoaren aurkezpena<br>8. 2024rako aurreikusitako jarduera artistikoaren aurkezpena<br>9. Galde-eskeak<\/p>\n<\/div>\n<\/div>\n","protected":false},"excerpt":{"rendered":"<p>Por la presente, se convoca la Asamblea General Ordinaria de Socios de la Coral de C\u00e1mara de Navarra-Nafarroako Ganbera Abezbatza (CCN\/NGA) que tendr\u00e1 lugar el pr\u00f3ximo 26 de abril de 2023 a las 19:00h en primera convocatoria y a las 19:30h en segunda convocatoria, en la sede de la Coral, sita en la c\/ Mayor 50 de Pamplona, de acuerdo<\/p>\n","protected":false},"author":3,"featured_media":3484,"comment_status":"open","ping_status":"open","sticky":false,"template":"","format":"standard","meta":[],"categories":[39,41],"tags":[406,113,96],"_links":{"self":[{"href":"http:\/\/coraldecamaradenavarra.com\/index.php?rest_route=\/wp\/v2\/posts\/3483"}],"collection":[{"href":"http:\/\/coraldecamaradenavarra.com\/index.php?rest_route=\/wp\/v2\/posts"}],"about":[{"href":"http:\/\/coraldecamaradenavarra.com\/index.php?rest_route=\/wp\/v2\/types\/post"}],"author":[{"embeddable":true,"href":"http:\/\/coraldecamaradenavarra.com\/index.php?rest_route=\/wp\/v2\/users\/3"}],"replies":[{"embeddable":true,"href":"http:\/\/coraldecamaradenavarra.com\/index.php?rest_route=%2Fwp%2Fv2%2Fcomments&post=3483"}],"version-history":[{"count":1,"href":"http:\/\/coraldecamaradenavarra.com\/index.php?rest_route=\/wp\/v2\/posts\/3483\/revisions"}],"predecessor-version":[{"id":3485,"href":"http:\/\/coraldecamaradenavarra.com\/index.php?rest_route=\/wp\/v2\/posts\/3483\/revisions\/3485"}],"wp:featuredmedia":[{"embeddable":true,"href":"http:\/\/coraldecamaradenavarra.com\/index.php?rest_route=\/wp\/v2\/media\/3484"}],"wp:attachment":[{"href":"http:\/\/coraldecamaradenavarra.com\/index.php?rest_route=%2Fwp%2Fv2%2Fmedia&parent=3483"}],"wp:term":[{"taxonomy":"category","embeddable":true,"href":"http:\/\/coraldecamaradenavarra.com\/index.php?rest_route=%2Fwp%2Fv2%2Fcategories&post=3483"},{"taxonomy":"post_tag","embeddable":true,"href":"http:\/\/coraldecamaradenavarra.com\/index.php?rest_route=%2Fwp%2Fv2%2Ftags&post=3483"}],"curies":[{"name":"wp","href":"https:\/\/api.w.org\/{rel}","templated":true}]}}