{"id":3471,"date":"2024-03-05T12:20:45","date_gmt":"2024-03-05T12:20:45","guid":{"rendered":"http:\/\/coraldecamaradenavarra.com\/?p=3471"},"modified":"2024-03-05T12:20:47","modified_gmt":"2024-03-05T12:20:47","slug":"os-justi","status":"publish","type":"post","link":"http:\/\/coraldecamaradenavarra.com\/?p=3471&lang=es","title":{"rendered":"OS JUSTI"},"content":{"rendered":"\n<h2 class=\"wp-block-heading\">Integral de motetes de Anton Bruckner (1824-1896) en el a\u00f1o de su 200 aniversario<\/h2>\n\n\n\n<p>M\u00fasica y espiritualidad se unen en los pr\u00f3ximos conciertos, celebrando la figura y obra del compositor austriaco Anton Bruckner (1824-1896) en su 200 aniversario.<br>Nuestro gran conjunto de la Formaci\u00f3n Cl\u00e1sica dirigida por Sergi Moreno Lasalle, junto con el organista \u00d3scar Candendo Zabala, y los trombonistas \u00c1ngel Moreno, Xabier Bl\u00e1zquez y Vicent Barbeta, ofrecer\u00e1n la incre\u00edble integral de motetes de \u00e9ste gran compositor.<\/p>\n\n\n\n<div class=\"wp-block-columns is-layout-flex wp-container-3\">\n<div class=\"wp-block-column is-layout-flow\">\n<p><strong>Lugar<\/strong>: Monasterio de Leyre (Yesa\/Esa)<br><strong>Fecha<\/strong>: Martxoak 16 de marzo<br><strong>Hora<\/strong>: 17h<\/p>\n<\/div>\n\n\n\n<div class=\"wp-block-column is-layout-flow\">\n<p><strong>Lugar<\/strong>: Iglesia de los Carmelitas Descalzos (Pamplona\/Iru\u00f1a)<br><strong>Fecha<\/strong>: Martxoak 17 de marzo<br><strong>Hora<\/strong>: 19:30h<\/p>\n<\/div>\n<\/div>\n\n\n\n<p>En ambos casos la entrada ser\u00e1 libre hasta completar aforo.<\/p>\n","protected":false},"excerpt":{"rendered":"<p>Integral de motetes de Anton Bruckner (1824-1896) en el a\u00f1o de su 200 aniversario M\u00fasica y espiritualidad se unen en los pr\u00f3ximos conciertos, celebrando la figura y obra del compositor austriaco Anton Bruckner (1824-1896) en su 200 aniversario.Nuestro gran conjunto de la Formaci\u00f3n Cl\u00e1sica dirigida por Sergi Moreno Lasalle, junto con el organista \u00d3scar Candendo Zabala, y los trombonistas \u00c1ngel<\/p>\n","protected":false},"author":3,"featured_media":3472,"comment_status":"open","ping_status":"open","sticky":false,"template":"","format":"standard","meta":[],"categories":[171],"tags":[403,96,402,405,404],"_links":{"self":[{"href":"http:\/\/coraldecamaradenavarra.com\/index.php?rest_route=\/wp\/v2\/posts\/3471"}],"collection":[{"href":"http:\/\/coraldecamaradenavarra.com\/index.php?rest_route=\/wp\/v2\/posts"}],"about":[{"href":"http:\/\/coraldecamaradenavarra.com\/index.php?rest_route=\/wp\/v2\/types\/post"}],"author":[{"embeddable":true,"href":"http:\/\/coraldecamaradenavarra.com\/index.php?rest_route=\/wp\/v2\/users\/3"}],"replies":[{"embeddable":true,"href":"http:\/\/coraldecamaradenavarra.com\/index.php?rest_route=%2Fwp%2Fv2%2Fcomments&post=3471"}],"version-history":[{"count":1,"href":"http:\/\/coraldecamaradenavarra.com\/index.php?rest_route=\/wp\/v2\/posts\/3471\/revisions"}],"predecessor-version":[{"id":3473,"href":"http:\/\/coraldecamaradenavarra.com\/index.php?rest_route=\/wp\/v2\/posts\/3471\/revisions\/3473"}],"wp:featuredmedia":[{"embeddable":true,"href":"http:\/\/coraldecamaradenavarra.com\/index.php?rest_route=\/wp\/v2\/media\/3472"}],"wp:attachment":[{"href":"http:\/\/coraldecamaradenavarra.com\/index.php?rest_route=%2Fwp%2Fv2%2Fmedia&parent=3471"}],"wp:term":[{"taxonomy":"category","embeddable":true,"href":"http:\/\/coraldecamaradenavarra.com\/index.php?rest_route=%2Fwp%2Fv2%2Fcategories&post=3471"},{"taxonomy":"post_tag","embeddable":true,"href":"http:\/\/coraldecamaradenavarra.com\/index.php?rest_route=%2Fwp%2Fv2%2Ftags&post=3471"}],"curies":[{"name":"wp","href":"https:\/\/api.w.org\/{rel}","templated":true}]}}