{"id":3448,"date":"2024-02-15T11:17:49","date_gmt":"2024-02-15T11:17:49","guid":{"rendered":"http:\/\/coraldecamaradenavarra.com\/?p=3448"},"modified":"2024-02-20T10:19:44","modified_gmt":"2024-02-20T10:19:44","slug":"josquin-el-mago","status":"publish","type":"post","link":"http:\/\/coraldecamaradenavarra.com\/?p=3448&lang=es","title":{"rendered":"Josquin \u00abel mago\u00bb"},"content":{"rendered":"\n<h2 class=\"wp-block-heading\"><strong>van Nevel 2024<\/strong><\/h2>\n\n\n\n<p>Coral de C\u00e1mara de Navarra\/Nafarroako Ganbera Abesbatza, en el marco de su Temporada Encantando Denboraldia 2024, organiza un proyecto en torno a la m\u00fasica renacentista dirigido por Paul van Nevel y asistido vocalmente por Achim Schulz. <\/p>\n\n\n\n<p>Entre el 19 y el 23 de marzo se trabajar\u00e1 un repertorio compuesto por la <em>Missa Faisant Regretz<\/em>&nbsp;de Josquin Desprez y&nbsp;la ant\u00edfona <em>Alma redemptoris<\/em>&nbsp;de Guillaume Dufay.<\/p>\n\n\n\n<hr class=\"wp-block-separator has-alpha-channel-opacity\"\/>\n\n\n\n<p>En septiembre de 2023 CCN\/NGA cont\u00f3 para uno de sus repertorios con el maestro Achim Schulz, miembro de Huelgas Ensemble, como director y profesor de t\u00e9cnica vocal. El programa estuvo integrado por la \u00abMissa de Notre Dame\u00bb de Guillaume de Machaut y el Agnus Dei de la misa \u00abVeni Sancte Spiritus\u00bb de Pierre de Manchicourt.<br>Este a\u00f1o 2024, dirigido en esta ocasi\u00f3n por el fundador y titular de \u201cHuelgas Ensemble\u201d: Paul van Nevel, se abordar\u00e1 siguiendo el mismo formato del pasado a\u00f1o el programa \u201cJosquin el mago\u201d que integrar\u00e1 la Misa \u201cFaysant regretz\u201d, misa parodia sobre una canci\u00f3n de Walter Frye a cargo del propio Josquin y la ant\u00edfona mariana \u201cAlmma Redemptors mater\u201d de Guillaume Dufay.<\/p>\n\n\n\n<hr class=\"wp-block-separator has-alpha-channel-opacity\"\/>\n\n\n\n<figure class=\"wp-block-gallery has-nested-images columns-default is-cropped wp-block-gallery-1 is-layout-flex\">\n<figure class=\"wp-block-image size-large is-style-default\"><a class=\"single_photoswipe\" data-size=\"640x800\" href=\"http:\/\/coraldecamaradenavarra.com\/wp-content\/uploads\/2024\/02\/WhatsApp-Image-2023-09-16-at-10.53.412.jpeg\"><img decoding=\"async\" loading=\"lazy\" width=\"640\" height=\"800\" data-id=\"3450\"  src=\"http:\/\/coraldecamaradenavarra.com\/wp-content\/uploads\/2024\/02\/WhatsApp-Image-2023-09-16-at-10.53.412.jpeg\" alt=\"\" class=\"wp-image-3450\" srcset=\"http:\/\/coraldecamaradenavarra.com\/wp-content\/uploads\/2024\/02\/WhatsApp-Image-2023-09-16-at-10.53.412.jpeg 640w, http:\/\/coraldecamaradenavarra.com\/wp-content\/uploads\/2024\/02\/WhatsApp-Image-2023-09-16-at-10.53.412-240x300.jpeg 240w\" sizes=\"(max-width: 640px) 100vw, 640px\" \/><\/a><\/figure>\n\n\n\n<figure class=\"wp-block-image size-large is-style-default\"><a class=\"single_photoswipe\" data-size=\"640x800\" href=\"http:\/\/coraldecamaradenavarra.com\/wp-content\/uploads\/2024\/02\/WhatsApp-Image-2023-09-16-at-10.53.411.jpeg\"><img decoding=\"async\" loading=\"lazy\" width=\"640\" height=\"800\" data-id=\"3452\"  src=\"http:\/\/coraldecamaradenavarra.com\/wp-content\/uploads\/2024\/02\/WhatsApp-Image-2023-09-16-at-10.53.411.jpeg\" alt=\"\" class=\"wp-image-3452\" srcset=\"http:\/\/coraldecamaradenavarra.com\/wp-content\/uploads\/2024\/02\/WhatsApp-Image-2023-09-16-at-10.53.411.jpeg 640w, http:\/\/coraldecamaradenavarra.com\/wp-content\/uploads\/2024\/02\/WhatsApp-Image-2023-09-16-at-10.53.411-240x300.jpeg 240w\" sizes=\"(max-width: 640px) 100vw, 640px\" \/><\/a><\/figure>\n\n\n\n<figure class=\"wp-block-image size-large is-style-default\"><a class=\"single_photoswipe\" data-size=\"640x800\" href=\"http:\/\/coraldecamaradenavarra.com\/wp-content\/uploads\/2024\/02\/WhatsApp-Image-2023-09-16-at-10.53.41.jpeg\"><img decoding=\"async\" loading=\"lazy\" width=\"640\" height=\"800\" data-id=\"3451\"  src=\"http:\/\/coraldecamaradenavarra.com\/wp-content\/uploads\/2024\/02\/WhatsApp-Image-2023-09-16-at-10.53.41.jpeg\" alt=\"\" class=\"wp-image-3451\" srcset=\"http:\/\/coraldecamaradenavarra.com\/wp-content\/uploads\/2024\/02\/WhatsApp-Image-2023-09-16-at-10.53.41.jpeg 640w, http:\/\/coraldecamaradenavarra.com\/wp-content\/uploads\/2024\/02\/WhatsApp-Image-2023-09-16-at-10.53.41-240x300.jpeg 240w\" sizes=\"(max-width: 640px) 100vw, 640px\" \/><\/a><\/figure>\n<\/figure>\n\n\n\n<h2 class=\"wp-block-heading\">Plan de trabajo<\/h2>\n\n\n\n<ul>\n<li><strong>Martes, 19 de marzo &#8211; Sede de CCN\/NGA<\/strong>\n<ul>\n<li>16:00-17:30h \/ T\u00e9cnica de canto hist\u00f3rico &#8211; Postura som\u00e1tica para cantantes: Achim Schulz<\/li>\n\n\n\n<li>17:30-21:00h \/ Ensayo (coro de cantantes activos) Paul van Nevel<\/li>\n<\/ul>\n<\/li>\n\n\n\n<li><strong>Mi\u00e9rcoles, 20 de marzo &#8211; Sede de CCN\/NGA<\/strong>\n<ul>\n<li>16:00-17:30h \/ T\u00e9cnica de canto hist\u00f3rico &#8211; Postura som\u00e1tica para cantantes: Achim Schulz<\/li>\n\n\n\n<li>17:30-21:00h \/ Ensayo (coro de cantantes activos) Paul van Nevel<\/li>\n<\/ul>\n<\/li>\n\n\n\n<li><strong>Jueves, 21 de marzo &#8211; Sede de CCN\/NGA<\/strong>\n<ul>\n<li>16:00-17:30h \/ T\u00e9cnica de canto hist\u00f3rico &#8211; Postura som\u00e1tica para cantantes: Achim Schulz<\/li>\n\n\n\n<li>17:30-21:00h \/ Ensayo (coro de cantantes activos) Paul van Nevel<\/li>\n<\/ul>\n<\/li>\n\n\n\n<li><strong>Viernes, 22 de marzo &#8211; Sede de CCN\/NGA<\/strong>\n<ul>\n<li>16:00-17:30h \/ T\u00e9cnica de canto hist\u00f3rico &#8211; Postura som\u00e1tica para cantantes: Achim Schulz<\/li>\n\n\n\n<li>17:30-21:00h \/ Ensayo (coro seleccionado por el maestro entre los cantantes activos que hayan ensayado los tres d\u00edas previos): Paul van Nevel<\/li>\n<\/ul>\n<\/li>\n\n\n\n<li><strong>S\u00e1bado, 23 de marzo<\/strong>\n<ul>\n<li>T\u00e9cnica de canto Achim Schulz (seg\u00fan criterio del profesor se celebrar\u00e1 o no, en todo caso tendr\u00e1 como alumnos activos a las personas que luego interpretar\u00e1n el concierto). La asistencia como oyente ser\u00e1 posible en todo caso.<\/li>\n\n\n\n<li>Ensayo general: Paul van Nevel<\/li>\n\n\n\n<li>Concierto<\/li>\n<\/ul>\n<\/li>\n<\/ul>\n\n\n\n<h2 class=\"wp-block-heading\">Programa y \u00f3rganico<\/h2>\n\n\n\n<p>Se especifica a continuaci\u00f3n el n\u00famero de alumnos\/as activos\/as requeridos\/as por cuerda.<\/p>\n\n\n\n<ul>\n<li><em>Missa Faisant Regretz<\/em> &#8211; Josquin des Prez (ca. 1450-1521)\n<ul>\n<li>6 mezzosopranos o sopranos con facilidad en el grave<\/li>\n\n\n\n<li>4 tenores agudos<\/li>\n\n\n\n<li>4 tenores<\/li>\n\n\n\n<li>5 bar\u00edtonos o bajos<\/li>\n<\/ul>\n<\/li>\n\n\n\n<li><em>Alma Redemptoris<\/em> &#8211; Guillaume Dufay (1397-1474)\n<ul>\n<li>6 mezzo-sopranos o sopranos con facilidad en el grave<\/li>\n\n\n\n<li>6 tenores<\/li>\n\n\n\n<li>6 bar\u00edtonos o bajos<\/li>\n<\/ul>\n<\/li>\n<\/ul>\n\n\n\n<div class=\"wp-block-columns is-layout-flex wp-container-5\">\n<div class=\"wp-block-column is-layout-flow\">\n<h2 class=\"wp-block-heading\">Participaci\u00f3n como alumno\/a activa<\/h2>\n\n\n\n<p>El alumnado admitido como activo tendr\u00e1 derecho a participar en las clases de canto colectivas con el profesor Achim Schulz de 16:00 a 17:30 los d\u00edas 19, 20 y 21, y en el coro piloto de alumnos activos preparado por Paul van Nevel de 17:30 a 21:00 los mismos d\u00edas.<\/p>\n\n\n\n<p>El d\u00eda 22, el ensayo se reservar\u00e1 a los alumnos elegidos por Van Nevel entre los componentes del coro piloto de alumnos activos. Ser\u00e1n estos los que ofrecer\u00e1n el concierto del 23.<br><strong>Precio: 250 euros.<\/strong><\/p>\n<\/div>\n\n\n\n<div class=\"wp-block-column is-layout-flow\">\n<h2 class=\"wp-block-heading\">Participaci\u00f3n como alumno\/a oyente<\/h2>\n\n\n\n<p>El alumnado oyente tendr\u00e1 derecho a asistir de manera activa a las clases de canto colectivas con Achim Schulz de 16:00 a 17:30 los d\u00edas 19, 20 y 21 de marzo, y como<br>oyente al resto de actividades.<br><strong>Precio: 150 euros.<\/strong><\/p>\n<\/div>\n<\/div>\n\n\n\n<h2 class=\"wp-block-heading\">Inscripci\u00f3n<\/h2>\n\n\n\n<p>La inscripci\u00f3n se realizar\u00e1 a trav\u00e9s del formulario adjunto en el enlace a continuaci\u00f3n.<br><strong>El plazo de inscripci\u00f3n finalizar\u00e1 el 17 de marzo a las 23:59<\/strong>.<br><a rel=\"noreferrer noopener\" href=\"https:\/\/forms.gle\/adem5oy5ywPNyTdBA\" target=\"_blank\"><strong>FORMULARIO DE INSCRIPCI\u00d3N<\/strong><\/a><\/p>\n\n\n\n<h2 class=\"wp-block-heading\">Pago<\/h2>\n\n\n\n<p>Se realizar\u00e1 en todos los casos en las 24h siguientes a la confirmaci\u00f3n de la admisi\u00f3n del alumno.<\/p>\n","protected":false},"excerpt":{"rendered":"<p>van Nevel 2024 Coral de C\u00e1mara de Navarra\/Nafarroako Ganbera Abesbatza, en el marco de su Temporada Encantando Denboraldia 2024, organiza un proyecto en torno a la m\u00fasica renacentista dirigido por Paul van Nevel y asistido vocalmente por Achim Schulz. Entre el 19 y el 23 de marzo se trabajar\u00e1 un repertorio compuesto por la Missa Faisant Regretzde Josquin Desprez yla<\/p>\n","protected":false},"author":1,"featured_media":3465,"comment_status":"open","ping_status":"open","sticky":false,"template":"","format":"standard","meta":[],"categories":[51,171],"tags":[396,369,96,398,397,59,395],"_links":{"self":[{"href":"http:\/\/coraldecamaradenavarra.com\/index.php?rest_route=\/wp\/v2\/posts\/3448"}],"collection":[{"href":"http:\/\/coraldecamaradenavarra.com\/index.php?rest_route=\/wp\/v2\/posts"}],"about":[{"href":"http:\/\/coraldecamaradenavarra.com\/index.php?rest_route=\/wp\/v2\/types\/post"}],"author":[{"embeddable":true,"href":"http:\/\/coraldecamaradenavarra.com\/index.php?rest_route=\/wp\/v2\/users\/1"}],"replies":[{"embeddable":true,"href":"http:\/\/coraldecamaradenavarra.com\/index.php?rest_route=%2Fwp%2Fv2%2Fcomments&post=3448"}],"version-history":[{"count":6,"href":"http:\/\/coraldecamaradenavarra.com\/index.php?rest_route=\/wp\/v2\/posts\/3448\/revisions"}],"predecessor-version":[{"id":3460,"href":"http:\/\/coraldecamaradenavarra.com\/index.php?rest_route=\/wp\/v2\/posts\/3448\/revisions\/3460"}],"wp:featuredmedia":[{"embeddable":true,"href":"http:\/\/coraldecamaradenavarra.com\/index.php?rest_route=\/wp\/v2\/media\/3465"}],"wp:attachment":[{"href":"http:\/\/coraldecamaradenavarra.com\/index.php?rest_route=%2Fwp%2Fv2%2Fmedia&parent=3448"}],"wp:term":[{"taxonomy":"category","embeddable":true,"href":"http:\/\/coraldecamaradenavarra.com\/index.php?rest_route=%2Fwp%2Fv2%2Fcategories&post=3448"},{"taxonomy":"post_tag","embeddable":true,"href":"http:\/\/coraldecamaradenavarra.com\/index.php?rest_route=%2Fwp%2Fv2%2Ftags&post=3448"}],"curies":[{"name":"wp","href":"https:\/\/api.w.org\/{rel}","templated":true}]}}