{"id":3419,"date":"2023-12-12T12:57:20","date_gmt":"2023-12-12T12:57:20","guid":{"rendered":"http:\/\/coraldecamaradenavarra.com\/?p=3419"},"modified":"2023-12-12T13:10:15","modified_gmt":"2023-12-12T13:10:15","slug":"remacha-entre-el-elogio-y-el-desencanto","status":"publish","type":"post","link":"http:\/\/coraldecamaradenavarra.com\/?p=3419&lang=es","title":{"rendered":"REMACHA, ENTRE EL ELOGIO Y EL DESENCANTO"},"content":{"rendered":"\n<h2 class=\"wp-block-heading\">DOCUCONCIERTO<\/h2>\n\n\n\n<p>Con motivo del 125 aniversario del nacimiento del compositor tudelano Fernando Remacha, la CCN\/NGA pretende desarrollar un proyecto en torno a este compositor mediante un <strong>docuconcierto<\/strong>. La CCN\/NGA, presentar\u00e1 el documental&nbsp; \u00abEntre el elogio y el desencanto\u00bb acerca de la figura de este compositor y realizado por la propia CCN\/NGA. A su vez, la proyecci\u00f3n ir\u00e1 acompa\u00f1ada por la interpretaci\u00f3n de algunas de las obras corales m\u00e1s representativas de este gran compositor, de la mano de la Formaci\u00f3n Cl\u00e1sica de la CCN\/NGA: El Romance del Pescador,&nbsp;Los serranos inocentes, Cuando te mir\u00e9 a los ojos, Canciones vascas, Copla de Jota entre otras.&nbsp;<\/p>\n\n\n\n<p>LUGAR: Colegio de M\u00e9dicos de Navarra (Av. Baja Navarra, 47), Iru\u00f1a\/Pamplona<\/p>\n\n\n\n<p>FECHA: Abenduak 14 de diciembre<\/p>\n\n\n\n<p>HORA: 19:30h<\/p>\n\n\n\n<p>Entrada libre hasta completar aforo \/ Sarrera doan aretoa bete arte<\/p>\n\n\n\n<p> <\/p>\n\n\n\n<figure class=\"wp-block-gallery has-nested-images columns-default is-cropped wp-block-gallery-1 is-layout-flex\">\n<figure class=\"wp-block-image size-large is-style-default\"><a class=\"single_photoswipe\" data-size=\"1414x2000\" href=\"http:\/\/coraldecamaradenavarra.com\/wp-content\/uploads\/2023\/12\/Fernando-Remacha7.png\"><img decoding=\"async\" loading=\"lazy\" width=\"724\" height=\"1024\" data-id=\"3422\"  src=\"http:\/\/coraldecamaradenavarra.com\/wp-content\/uploads\/2023\/12\/Fernando-Remacha7-724x1024.png\" alt=\"\" class=\"wp-image-3422\" srcset=\"http:\/\/coraldecamaradenavarra.com\/wp-content\/uploads\/2023\/12\/Fernando-Remacha7-724x1024.png 724w, http:\/\/coraldecamaradenavarra.com\/wp-content\/uploads\/2023\/12\/Fernando-Remacha7-212x300.png 212w, http:\/\/coraldecamaradenavarra.com\/wp-content\/uploads\/2023\/12\/Fernando-Remacha7-768x1086.png 768w, http:\/\/coraldecamaradenavarra.com\/wp-content\/uploads\/2023\/12\/Fernando-Remacha7-1086x1536.png 1086w, http:\/\/coraldecamaradenavarra.com\/wp-content\/uploads\/2023\/12\/Fernando-Remacha7.png 1414w\" sizes=\"(max-width: 724px) 100vw, 724px\" \/><\/a><\/figure>\n\n\n\n<figure class=\"wp-block-image size-large is-style-default\"><a class=\"single_photoswipe\" data-size=\"1200x675\" href=\"http:\/\/coraldecamaradenavarra.com\/wp-content\/uploads\/2023\/12\/Coral-de-Camara-de-Navarra.jpg\"><img decoding=\"async\" loading=\"lazy\" width=\"1024\" height=\"576\" data-id=\"3421\"  src=\"http:\/\/coraldecamaradenavarra.com\/wp-content\/uploads\/2023\/12\/Coral-de-Camara-de-Navarra-1024x576.jpg\" alt=\"\" class=\"wp-image-3421\" srcset=\"http:\/\/coraldecamaradenavarra.com\/wp-content\/uploads\/2023\/12\/Coral-de-Camara-de-Navarra-1024x576.jpg 1024w, http:\/\/coraldecamaradenavarra.com\/wp-content\/uploads\/2023\/12\/Coral-de-Camara-de-Navarra-300x169.jpg 300w, http:\/\/coraldecamaradenavarra.com\/wp-content\/uploads\/2023\/12\/Coral-de-Camara-de-Navarra-768x432.jpg 768w, http:\/\/coraldecamaradenavarra.com\/wp-content\/uploads\/2023\/12\/Coral-de-Camara-de-Navarra.jpg 1200w\" sizes=\"(max-width: 1024px) 100vw, 1024px\" \/><\/a><\/figure>\n<\/figure>\n","protected":false},"excerpt":{"rendered":"<p>DOCUCONCIERTO Con motivo del 125 aniversario del nacimiento del compositor tudelano Fernando Remacha, la CCN\/NGA pretende desarrollar un proyecto en torno a este compositor mediante un docuconcierto. La CCN\/NGA, presentar\u00e1 el documental \u00abEntre el elogio y el desencanto\u00bb acerca de la figura de este compositor y realizado por la propia CCN\/NGA. A su vez, la proyecci\u00f3n ir\u00e1 acompa\u00f1ada por la<\/p>\n","protected":false},"author":1,"featured_media":3424,"comment_status":"open","ping_status":"open","sticky":false,"template":"","format":"standard","meta":[],"categories":[50,43,171],"tags":[],"_links":{"self":[{"href":"http:\/\/coraldecamaradenavarra.com\/index.php?rest_route=\/wp\/v2\/posts\/3419"}],"collection":[{"href":"http:\/\/coraldecamaradenavarra.com\/index.php?rest_route=\/wp\/v2\/posts"}],"about":[{"href":"http:\/\/coraldecamaradenavarra.com\/index.php?rest_route=\/wp\/v2\/types\/post"}],"author":[{"embeddable":true,"href":"http:\/\/coraldecamaradenavarra.com\/index.php?rest_route=\/wp\/v2\/users\/1"}],"replies":[{"embeddable":true,"href":"http:\/\/coraldecamaradenavarra.com\/index.php?rest_route=%2Fwp%2Fv2%2Fcomments&post=3419"}],"version-history":[{"count":3,"href":"http:\/\/coraldecamaradenavarra.com\/index.php?rest_route=\/wp\/v2\/posts\/3419\/revisions"}],"predecessor-version":[{"id":3430,"href":"http:\/\/coraldecamaradenavarra.com\/index.php?rest_route=\/wp\/v2\/posts\/3419\/revisions\/3430"}],"wp:featuredmedia":[{"embeddable":true,"href":"http:\/\/coraldecamaradenavarra.com\/index.php?rest_route=\/wp\/v2\/media\/3424"}],"wp:attachment":[{"href":"http:\/\/coraldecamaradenavarra.com\/index.php?rest_route=%2Fwp%2Fv2%2Fmedia&parent=3419"}],"wp:term":[{"taxonomy":"category","embeddable":true,"href":"http:\/\/coraldecamaradenavarra.com\/index.php?rest_route=%2Fwp%2Fv2%2Fcategories&post=3419"},{"taxonomy":"post_tag","embeddable":true,"href":"http:\/\/coraldecamaradenavarra.com\/index.php?rest_route=%2Fwp%2Fv2%2Ftags&post=3419"}],"curies":[{"name":"wp","href":"https:\/\/api.w.org\/{rel}","templated":true}]}}