{"id":3262,"date":"2023-05-05T23:30:00","date_gmt":"2023-05-05T23:30:00","guid":{"rendered":"http:\/\/coraldecamaradenavarra.com\/?p=3262"},"modified":"2023-05-19T23:38:06","modified_gmt":"2023-05-19T23:38:06","slug":"jazzy-leap-vuelve-con-night-day","status":"publish","type":"post","link":"http:\/\/coraldecamaradenavarra.com\/?p=3262&lang=es","title":{"rendered":"JAZZY LEAP VUELVE CON \u00abNIGHT &#038; DAY\u00bb"},"content":{"rendered":"<h1>JAZZY LEAP VUELVE CON \u00abNIGHT &amp; DAY\u00bb<\/h1>\n<p><b>Jazzy Leap ofrece un concierto muy especial en la Capilla del Liceo Monjard\u00edn en\u00a0el marco\u00a0<\/b><b>de la Temporada Encantando Denboraldia 23\/23. El programa recorre<\/b><b>\u00a0musicalmente las d\u00e9cadas de los a\u00f1os 20 y 30 del siglo pasado bajo la direcci\u00f3n de Andoni Arcilla<\/b><\/p>\n<p><!--more--><\/p>\n<p><a class=\"single_photoswipe\" href=\"http:\/\/coraldecamaradenavarra.com\/wp-content\/uploads\/2023\/05\/WhatsApp-Image-2023-05-19-at-21.41.44.jpeg\" data-size=\"518x896\"><img decoding=\"async\" loading=\"lazy\" class=\"alignnone wp-image-3258 size-medium\" src=\"http:\/\/coraldecamaradenavarra.com\/wp-content\/uploads\/2023\/05\/WhatsApp-Image-2023-05-19-at-21.41.44-212x300.jpeg\" alt=\"\" width=\"212\" height=\"300\" srcset=\"http:\/\/coraldecamaradenavarra.com\/wp-content\/uploads\/2023\/05\/WhatsApp-Image-2023-05-19-at-21.41.44-212x300.jpeg 212w, http:\/\/coraldecamaradenavarra.com\/wp-content\/uploads\/2023\/05\/WhatsApp-Image-2023-05-19-at-21.41.44-723x1024.jpeg 723w, http:\/\/coraldecamaradenavarra.com\/wp-content\/uploads\/2023\/05\/WhatsApp-Image-2023-05-19-at-21.41.44-768x1088.jpeg 768w, http:\/\/coraldecamaradenavarra.com\/wp-content\/uploads\/2023\/05\/WhatsApp-Image-2023-05-19-at-21.41.44.jpeg 1080w\" sizes=\"(max-width: 212px) 100vw, 212px\" \/><\/a><\/p>\n<p>Jazzy Leap acompa\u00f1ado de Alberto Arteta a los saxos y Andoni Arcilla en la direcci\u00f3n musical, piano, voz y arreglos actuar\u00e1n en lo que ser\u00e1 \u00a0un concierto muy especial. Un recorrido musical\u00a0las d\u00e9cadas de los a\u00f1os 20 y 30 del siglo pasado.<\/p>\n<p>En esta ocasi\u00f3n Jazzy Leap estar\u00e1 acompa\u00f1ada por:<\/p>\n<p>Andoni Arcilla: direcci\u00f3n musical, piano, voz y arreglos<br \/>\nAlberto Arteta: saxofones<\/p>\n<p><b>DATOS IMPORTANTES: <\/b><\/p>\n<p><b>Night &amp; Day<br \/>\n<\/b><\/p>\n<p>&#8211; TEMPORADA ENCANTANDO DENBORALDIA 22\/23<\/p>\n<p>Cu\u00e1ndo: s\u00e1bado 20 de mayo<br \/>\n<span style=\"font-size: inherit;\">D\u00f3nde: Capilla Liceo Monjard\u00edn<br \/>\n<\/span><span style=\"font-size: inherit;\">Ciudad: Pamplona-Iru\u00f1a<br \/>\n<\/span><span style=\"font-size: inherit;\">Hora: 20:00horas.<br \/>\n<\/span><span style=\"font-size: inherit;\">Entrada: Entrada libre<\/span><\/p>\n<p>Foto I. Cartel oficial del concierto realizado por Luis Miguel Torres.<\/p>\n<p><i><i><i><b><b><i>\u00a0 5 de mayo de 2022<\/i><\/b><\/b><\/i><\/i><\/i><\/p>\n","protected":false},"excerpt":{"rendered":"<p>JAZZY LEAP VUELVE CON \u00abNIGHT &amp; DAY\u00bb Jazzy Leap ofrece un concierto muy especial en la Capilla del Liceo Monjard\u00edn en\u00a0el marco\u00a0de la Temporada Encantando Denboraldia 23\/23. El programa recorre\u00a0musicalmente las d\u00e9cadas de los a\u00f1os 20 y 30 del siglo pasado bajo la direcci\u00f3n de Andoni Arcilla<\/p>\n","protected":false},"author":3,"featured_media":3258,"comment_status":"open","ping_status":"open","sticky":false,"template":"","format":"standard","meta":[],"categories":[40,44,171],"tags":[],"_links":{"self":[{"href":"http:\/\/coraldecamaradenavarra.com\/index.php?rest_route=\/wp\/v2\/posts\/3262"}],"collection":[{"href":"http:\/\/coraldecamaradenavarra.com\/index.php?rest_route=\/wp\/v2\/posts"}],"about":[{"href":"http:\/\/coraldecamaradenavarra.com\/index.php?rest_route=\/wp\/v2\/types\/post"}],"author":[{"embeddable":true,"href":"http:\/\/coraldecamaradenavarra.com\/index.php?rest_route=\/wp\/v2\/users\/3"}],"replies":[{"embeddable":true,"href":"http:\/\/coraldecamaradenavarra.com\/index.php?rest_route=%2Fwp%2Fv2%2Fcomments&post=3262"}],"version-history":[{"count":1,"href":"http:\/\/coraldecamaradenavarra.com\/index.php?rest_route=\/wp\/v2\/posts\/3262\/revisions"}],"predecessor-version":[{"id":3263,"href":"http:\/\/coraldecamaradenavarra.com\/index.php?rest_route=\/wp\/v2\/posts\/3262\/revisions\/3263"}],"wp:featuredmedia":[{"embeddable":true,"href":"http:\/\/coraldecamaradenavarra.com\/index.php?rest_route=\/wp\/v2\/media\/3258"}],"wp:attachment":[{"href":"http:\/\/coraldecamaradenavarra.com\/index.php?rest_route=%2Fwp%2Fv2%2Fmedia&parent=3262"}],"wp:term":[{"taxonomy":"category","embeddable":true,"href":"http:\/\/coraldecamaradenavarra.com\/index.php?rest_route=%2Fwp%2Fv2%2Fcategories&post=3262"},{"taxonomy":"post_tag","embeddable":true,"href":"http:\/\/coraldecamaradenavarra.com\/index.php?rest_route=%2Fwp%2Fv2%2Ftags&post=3262"}],"curies":[{"name":"wp","href":"https:\/\/api.w.org\/{rel}","templated":true}]}}