{"id":3242,"date":"2023-04-11T22:55:01","date_gmt":"2023-04-11T22:55:01","guid":{"rendered":"http:\/\/coraldecamaradenavarra.com\/?p=3242"},"modified":"2023-04-13T12:09:36","modified_gmt":"2023-04-13T12:09:36","slug":"asamblea-general-ordinaria-de-socios-bazkideen-ohiko-baztar-nagusia-7","status":"publish","type":"post","link":"http:\/\/coraldecamaradenavarra.com\/?p=3242&lang=es","title":{"rendered":"ASAMBLEA GENERAL ORDINARIA DE SOCIOS \/ BAZKIDEEN OHIKO BAZTAR NAGUSIA"},"content":{"rendered":"<p>\u00a0<\/p>\n<h1>ASAMBLEA GENERAL ORDINARIA DE SOCIOS \/ BAZKIDEEN OHIKO BAZTAR NAGUSIA<\/h1>\n<p>\u00a0<\/p>\n<p>Hoy martes, 11 de abril, ha sido convocada la Asamblea General Ordinaria de Socios de la Coral de C\u00e1mara de Navarra de este a\u00f1o 2023 que tendr\u00e1 lugar el pr\u00f3ximo viernes 21 de abril a las 19:00h en primera convocatoria y a las 19:30h en segunda convocatoria en la Sede de la Coral de C\u00e1mara de Navarra, sita en la C\/Mayor 50 de Pamplona.<\/p>\n<p><!--more--><\/p>\n<p><a class=\"single_photoswipe\" href=\"http:\/\/coraldecamaradenavarra.com\/wp-content\/uploads\/2012\/04\/logosocios.jpg\" data-size=\"1856x579\"><img decoding=\"async\" loading=\"lazy\" class=\"size-medium wp-image-1159 aligncenter\" src=\"http:\/\/coraldecamaradenavarra.com\/wp-content\/uploads\/2012\/04\/logosocios-300x94.jpg\" alt=\"\" width=\"300\" height=\"94\" srcset=\"http:\/\/coraldecamaradenavarra.com\/wp-content\/uploads\/2012\/04\/logosocios-300x94.jpg 300w, http:\/\/coraldecamaradenavarra.com\/wp-content\/uploads\/2012\/04\/logosocios-1024x319.jpg 1024w, http:\/\/coraldecamaradenavarra.com\/wp-content\/uploads\/2012\/04\/logosocios.jpg 1856w\" sizes=\"(max-width: 300px) 100vw, 300px\" \/><\/a><\/p>\n<p>\u00a0<\/p>\n<p>Como cada a\u00f1o la Junta Directiva de la Coral de C\u00e1mara de Navarra\/Nafarroako Ganbera Abesbatza hace p\u00fablica la convocatoria de la Asamblea General de Socios de la entidad.<\/p>\n<p><b>\u00bfD\u00f3nde se celebrar\u00e1? <\/b><\/p>\n<p>En la Sede de la Coral de C\u00e1mara de Navarra (C\/Mayor 50 de Pamplona)<\/p>\n<p><strong>\u00bfCu\u00e1ndo se celebrar\u00e1?<\/strong><\/p>\n<p>El viernes 21 de abril a las 19:00 horas en primera convocatoria, 19:30 horas en segunda convocatoria.<\/p>\n<p><b>Puedes descargarte convocatoria con el orden del d\u00eda de la misma pinchando en el pdf.<\/b><\/p>\n<p><a href=\"http:\/\/coraldecamaradenavarra.com\/wp-content\/uploads\/2023\/04\/Asamblea-abril-2023_F.pdf\">CONVOCATORIA CASTELLANO ASAMBLEA SOCIOS 2023<\/a><\/p>\n<p><a href=\"http:\/\/coraldecamaradenavarra.com\/wp-content\/uploads\/2023\/04\/Asamblea-abril-2023_F.pdf\">CONVOCATORIA EUSKERA ASAMBLEA SOCIOS 2023<\/a><\/p>\n<p>Martes 11 de abril de 2023<\/p>\n\n\n<div class=\"wp-block-group is-layout-flow\"><div class=\"wp-block-group__inner-container\"><\/div><\/div>\n","protected":false},"excerpt":{"rendered":"<p>\u00a0 ASAMBLEA GENERAL ORDINARIA DE SOCIOS \/ BAZKIDEEN OHIKO BAZTAR NAGUSIA \u00a0 Hoy martes, 11 de abril, ha sido convocada la Asamblea General Ordinaria de Socios de la Coral de C\u00e1mara de Navarra de este a\u00f1o 2023 que tendr\u00e1 lugar el pr\u00f3ximo viernes 21 de abril a las 19:00h en primera convocatoria y a las 19:30h en segunda convocatoria en<\/p>\n","protected":false},"author":3,"featured_media":2820,"comment_status":"open","ping_status":"open","sticky":false,"template":"","format":"standard","meta":[],"categories":[44],"tags":[],"_links":{"self":[{"href":"http:\/\/coraldecamaradenavarra.com\/index.php?rest_route=\/wp\/v2\/posts\/3242"}],"collection":[{"href":"http:\/\/coraldecamaradenavarra.com\/index.php?rest_route=\/wp\/v2\/posts"}],"about":[{"href":"http:\/\/coraldecamaradenavarra.com\/index.php?rest_route=\/wp\/v2\/types\/post"}],"author":[{"embeddable":true,"href":"http:\/\/coraldecamaradenavarra.com\/index.php?rest_route=\/wp\/v2\/users\/3"}],"replies":[{"embeddable":true,"href":"http:\/\/coraldecamaradenavarra.com\/index.php?rest_route=%2Fwp%2Fv2%2Fcomments&post=3242"}],"version-history":[{"count":3,"href":"http:\/\/coraldecamaradenavarra.com\/index.php?rest_route=\/wp\/v2\/posts\/3242\/revisions"}],"predecessor-version":[{"id":3248,"href":"http:\/\/coraldecamaradenavarra.com\/index.php?rest_route=\/wp\/v2\/posts\/3242\/revisions\/3248"}],"wp:featuredmedia":[{"embeddable":true,"href":"http:\/\/coraldecamaradenavarra.com\/index.php?rest_route=\/wp\/v2\/media\/2820"}],"wp:attachment":[{"href":"http:\/\/coraldecamaradenavarra.com\/index.php?rest_route=%2Fwp%2Fv2%2Fmedia&parent=3242"}],"wp:term":[{"taxonomy":"category","embeddable":true,"href":"http:\/\/coraldecamaradenavarra.com\/index.php?rest_route=%2Fwp%2Fv2%2Fcategories&post=3242"},{"taxonomy":"post_tag","embeddable":true,"href":"http:\/\/coraldecamaradenavarra.com\/index.php?rest_route=%2Fwp%2Fv2%2Ftags&post=3242"}],"curies":[{"name":"wp","href":"https:\/\/api.w.org\/{rel}","templated":true}]}}