{"id":3224,"date":"2022-10-19T14:45:00","date_gmt":"2022-10-19T14:45:00","guid":{"rendered":"http:\/\/coraldecamaradenavarra.com\/?p=3224"},"modified":"2022-10-22T14:46:09","modified_gmt":"2022-10-22T14:46:09","slug":"ccn-presenta-sede-y-programacion","status":"publish","type":"post","link":"http:\/\/coraldecamaradenavarra.com\/?p=3224&lang=es","title":{"rendered":"CCN PRESENTA SEDE Y PROGRAMACI\u00d3N"},"content":{"rendered":"<h1>CNN PRESENTA SEDE Y PROGRAMACI\u00d3N<\/h1>\n<p><b>La Coral de C\u00e1mara de Navarra\/Nafarroako Ganbera Abesbatza ha presentado en\u00a0rueda de prensa la\u00a0nueva sede y la intensa programaci\u00f3n del mes de octubre<\/b><b>.<\/b><\/p>\n<p><!--more--><\/p>\n<p><b>La Coral de C\u00e1mara de Navarra present\u00f3 su nueva sede, espacio de la Fundaci\u00f3n Mal\u00ede.<\/b><\/p>\n<p>En rueda de prensa celebrada esta ma\u00f1ana en la nueva sede de la Coral de C\u00e1mara de Navarra\/Nafarroako Ganbera Abesbatza se han anunciado los pr\u00f3ximos compromisos art\u00edsticos de las diferentes agrupaciones de la entidad.\u00a0En la rueda de prensa han participado Javier Casal\u00ed Sarasibar, Presidente de la Coral de C\u00e1mara de Navarra y David Guindano Igarreta, director art\u00edstico de la Coral de C\u00e1mara de Navarra y presidente de la Fundaci\u00f3n Mal\u00ede.<\/p>\n<p><b>-CONSTITUCI\u00d3N DE FUNDACI\u00d3N MAL\u00cdE<\/b><\/p>\n<p>Con domicilio social en calle Mayor, 50 bajo de Pamplona se constituye la Fundaci\u00f3n Mal\u00ede (\u201cencantamientos, hechizos\u201d en italiano y acr\u00f3nimo del nombre de la madre de su presidente: Mar\u00eda Lourdes Igarreta Eg\u00fazquiza).\u00a0Sus objetivos estatutarios son \u201cProtecci\u00f3n y divulgaci\u00f3n del patrimonio natural y cultural de Navarra\u201d, su presidente es David Guindano Igarreta.\u00a0La actividad m\u00e1s inminente es la constituci\u00f3n de una biblioteca especializada en humanidades y m\u00fasica en general con especial hincapi\u00e9 en el patrimonio navarro.<\/p>\n<p><b>-NUEVA SEDE DE CORAL DE C\u00c1MARA DE NAVARRA \u2013 NAFARROAKO GANBERA ABESBATZA<\/b><\/p>\n<p>La nueva sede de esta instituci\u00f3n ser\u00e1 asimismo el mismo local en calle Mayor 50, bajo de Pamplona-Iru\u00f1a.<\/p>\n<p><b>-ACTIVIDAD INMINENTE DE CORAL DE C\u00c1MARA DE NAVARRA \u2013 NAFARROAKO GANBERA ABESBATZA<\/b><\/p>\n<p><b> 1. CONMEMORACI\u00d3N DEL 200 ANIVERSARIO DE LA MUERTE DEL COMPOSITOR TUDELANO \u201cPEDRO ARANAZ Y VIDES\u201d (Tudela 1740-Cuenca 1820)<\/b><\/p>\n<p>-La intenci\u00f3n era celebrarla en 2020, no fue posible por la pandemia.<\/p>\n<p>-Estamos ante un important\u00edsimo compositor con calle dedicada en Pamplona y Tudela, da nombre al conservatorio profesional de Cuenca.<\/p>\n<p><strong>-Actos programados:<\/strong><\/p>\n<p><span class=\"Apple-converted-space\">\u00a0\u00a0 \u00a0 \u00a0 \u00a0 <\/span>.Viernes 21 de octubre a las 13h en Mediateca del Conservatorio Superior de M\u00fasica de Navarra, conferencia-clase magistral sobre la figura de Aranaz y Vides por el music\u00f3logo Fernando J. Caba\u00f1as Alam\u00e1n. Entrada libre.<\/p>\n<p>.S\u00e1bado 22 de octubre a las 20h en Capilla Virgen del Camino de la Parroquia de San Saturnino de Pamplona. Concierto monogr\u00e1fico presentado por David Guindano Igarreta integrado por obras de Pedro Aranaz y Vides. Capilla Renacentista \u201cMichael Navarrus\u201d de Coral de C\u00e1mara de Pamplona, Camerata instrumental \u201cMichael Navarrus\u201d constituida por instrumentos originales del siglo XVIII, concertino Marta Ram\u00edrez Garc\u00eda-Mina.<\/p>\n<p>Solistas vocales: Ariadna Mart\u00ednez, soprano; Beatriz Aguirre, mezzosoprano; Diego Bl\u00e1zquez, tenor; Juli\u00e1n Irulegui Bajo. Entrada libre.<\/p>\n<p>.Domingo 23 de octubre a las 18:30 en Catedral de Tudela, charla de David Guindano Igarreta y concierto a las 19:00, mismo programa que el d\u00eda anterior en Pamplona.<\/p>\n<p><b>2<\/b>. <b>RECONOCIMIENTO COMO SOCIO DE HONOR DE CORAL DE C\u00c1MARA DE NAVARRA-NAFARROAKO GANBERA ABESBATZA A JOS\u00c9 ANTONIO HUARTE AZPARREN (COMPOSITOR, EXDIRECTOR DEL ORFE\u00d3N PAMPLON\u00c9S\u2026)<\/b><\/p>\n<p>.Mi\u00e9rcoles 26 de octubre a las 20:00 h. Charla a cargo de Jos\u00e9 Antonio Huarte en Sede de CCN-NGA sobre su trayectoria musical y vital. Presentada por Javier Monreal \u201cTeobaldos\u201d cr\u00edtico musical de Diario de Noticias. Entrada libre.<\/p>\n<p>.S\u00e1bado 29 de octubre a las 20:00 h. Concierto monogr\u00e1fico integrado por obras de Jos\u00e9 Antonio Huarte. Parroquia San Francisco Javier, 20:00 h. Formaci\u00f3n cl\u00e1sica de Coral de C\u00e1mara de Navarra- Nafarroako Ganbera Abesbatza y Coro de C\u00e1mara Aizaga (director: Javier Echarri). Piano: Michel Reynoso, Solistas vocales: Andrea Jim\u00e9nez, soprano; Alejandro Asenjo y Javier Casal\u00ed. Tenores; Sergi Moreno-Lassalle, Juli\u00e1n Irulegui, bar\u00edtonos.<\/p>\n<p>Director: David Guindano Igarreta<\/p>\n<p>.Domingo 30 de octubre a las 12:00 h. Eucarist\u00eda y breve concierto en la parroquia de A\u00f1orbe (localidad natal de Jos\u00e9 Antonio Huarte). Beatriz Aguirre, \u00f3rgano; Alejandro Asenjo, tenor. Formaci\u00f3n cl\u00e1sica de Coral de C\u00e1mara de Navarra- Nafarroako Ganbera Abesbatza y Coro de C\u00e1mara Aizaga (director: Javier Echarri).<\/p>\n<p>Director: David Guindano Igarreta<\/p>\n<p><b>3<\/b>. <b>JAZZY LEAP Y JAZZY LEAP BAND, SECCI\u00d3N DE JAZZ Y M\u00daSICA MODERNA DE CORAL DE C\u00c1MARA DE NAVARRA- NAFARROAKO GANBERA ABESBATZA. <\/b><\/p>\n<p>DIRECTOR, PIANO, VOZ Y ARREGLOS: ANDONI ARCILLA BALLABRIGA. GUI\u00d3N LUIS MIGUEL TORRES. CONCIERTO \u201cUNA NOCHE EN LOS OSCARS\u201d. RIBAFORADA AUDITORIO 20:00. VIERNES 21 DE OCTUBRE.<span class=\"Apple-converted-space\">\u00a0<\/span><\/p>\n<p><span class=\"Apple-converted-space\">\u00a0<\/span>El d\u00eda 21 de octubre a las 20:00, <b>Jazzy Leap <\/b>interpretar\u00e1 el espect\u00e1culo <i>Una noche en los \u00d3scar <\/i>en la Casa de Cultura de Ribaforada. Con un repertorio escogido entre los temas ganadores y nominados al \u00d3scar a mejor canci\u00f3n original a lo largo de la historia, el concierto se inspirar\u00e1 en las galas de entrega de premios hollywoodienses, combinando la m\u00fasica con presentaciones cargadas de humor, as\u00ed como proyecciones que recuerden las pel\u00edculas premiadas.<span class=\"Apple-converted-space\">\u00a0<\/span><\/p>\n<p>El concierto en Ribaforada marcar\u00e1 casi con exactitud el aniversario del estreno del espect\u00e1culo en el Teatro Gayarre (22 de octubre de 2021) con gran \u00e9xito de p\u00fablico. Es, adem\u00e1s, una continuaci\u00f3n de la aventura cin\u00e9fila en la que <b>Jazzy Leap <\/b>se viene embarcando en las \u00faltimas temporadas con sus colaboraciones con el ciclo de cine Pamplona Negra.<span class=\"Apple-converted-space\">\u00a0<\/span><\/p>\n<p>Durante el espect\u00e1culo, los miembros de <b>Jazzy Leap <\/b>sumar\u00e1n a sus tareas habituales de coralistas y solistas, la de presentadores. Naiara Zuriarrain y Luis Miguel Torres har\u00e1n las veces de maestros de ceremonias mientras que varios de sus compa\u00f1eros realizar\u00e1n peque\u00f1as intervenciones para introducir los diferentes bloques en los que se divide la gala. Adem\u00e1s, la <b>Jazzy Leap Band<\/b>, dirigida desde el piano por Andoni Arcilla (que tambi\u00e9n es el director de <b>Jazzy Leap <\/b>y ha realizado los arreglos instrumentales que se van a interpretar), amenizar\u00e1 esta parte teatral del espect\u00e1culo con cortinillas instrumentales.<span class=\"Apple-converted-space\">\u00a0<\/span><\/p>\n<p><i>Una noche en los \u00d3scar <\/i>es una oportunidad para cin\u00e9filos y mel\u00f3manos para repasar algunas de las mejores canciones de la historia del cine desde los a\u00f1os 30 a la actualidad y tambi\u00e9n recordar las pel\u00edculas en las que aparecieron. Pero tambi\u00e9n para todo aqu\u00e9l que siempre haya querido vivir la glamurosa experiencia de ser uno de los invitados a una de las interminables galas de premios de Hollywood y rodearse de las estrellas m\u00e1s fulgurantes del celuloide.<\/p>\n<p><i><i><i><b><b><i>\u00a019<\/i><\/b><\/b><\/i><\/i><\/i><i><i><i><b><b><i> de octubre de 2022<\/i><\/b><\/b><\/i><\/i><\/i><\/p>\n","protected":false},"excerpt":{"rendered":"<p>CNN PRESENTA SEDE Y PROGRAMACI\u00d3N La Coral de C\u00e1mara de Navarra\/Nafarroako Ganbera Abesbatza ha presentado en\u00a0rueda de prensa la\u00a0nueva sede y la intensa programaci\u00f3n del mes de octubre.<\/p>\n","protected":false},"author":3,"featured_media":3225,"comment_status":"open","ping_status":"open","sticky":false,"template":"","format":"standard","meta":[],"categories":[40,44,171],"tags":[],"_links":{"self":[{"href":"http:\/\/coraldecamaradenavarra.com\/index.php?rest_route=\/wp\/v2\/posts\/3224"}],"collection":[{"href":"http:\/\/coraldecamaradenavarra.com\/index.php?rest_route=\/wp\/v2\/posts"}],"about":[{"href":"http:\/\/coraldecamaradenavarra.com\/index.php?rest_route=\/wp\/v2\/types\/post"}],"author":[{"embeddable":true,"href":"http:\/\/coraldecamaradenavarra.com\/index.php?rest_route=\/wp\/v2\/users\/3"}],"replies":[{"embeddable":true,"href":"http:\/\/coraldecamaradenavarra.com\/index.php?rest_route=%2Fwp%2Fv2%2Fcomments&post=3224"}],"version-history":[{"count":1,"href":"http:\/\/coraldecamaradenavarra.com\/index.php?rest_route=\/wp\/v2\/posts\/3224\/revisions"}],"predecessor-version":[{"id":3226,"href":"http:\/\/coraldecamaradenavarra.com\/index.php?rest_route=\/wp\/v2\/posts\/3224\/revisions\/3226"}],"wp:featuredmedia":[{"embeddable":true,"href":"http:\/\/coraldecamaradenavarra.com\/index.php?rest_route=\/wp\/v2\/media\/3225"}],"wp:attachment":[{"href":"http:\/\/coraldecamaradenavarra.com\/index.php?rest_route=%2Fwp%2Fv2%2Fmedia&parent=3224"}],"wp:term":[{"taxonomy":"category","embeddable":true,"href":"http:\/\/coraldecamaradenavarra.com\/index.php?rest_route=%2Fwp%2Fv2%2Fcategories&post=3224"},{"taxonomy":"post_tag","embeddable":true,"href":"http:\/\/coraldecamaradenavarra.com\/index.php?rest_route=%2Fwp%2Fv2%2Ftags&post=3224"}],"curies":[{"name":"wp","href":"https:\/\/api.w.org\/{rel}","templated":true}]}}