{"id":3208,"date":"2022-10-01T21:17:00","date_gmt":"2022-10-01T21:17:00","guid":{"rendered":"http:\/\/coraldecamaradenavarra.com\/?p=3208"},"modified":"2022-10-14T21:21:33","modified_gmt":"2022-10-14T21:21:33","slug":"jazzy-leap-lleva-los-oscars-a-tafalla","status":"publish","type":"post","link":"http:\/\/coraldecamaradenavarra.com\/?p=3208&lang=es","title":{"rendered":"JAZZY LEAP LLEVA LOS OSCARS A TAFALLA"},"content":{"rendered":"<h1>JAZZY LEAP LLEVA LOS OSCARS A TAFALLA<\/h1>\n<p><b>Jazzy Leap vuelve al Centro Cultural Tafalla Kulturgunea en\u00a0el marco\u00a0<\/b><b>de la Temporada Encantando Denboraldia 21\/22.\u00a0El concierto, \u00abA\u00a0<\/b><span style=\"font-weight: 600;\">Night<\/span><b>\u00a0at the Oscars\u00bb,\u00a0<\/b><span style=\"font-weight: 600;\">nos<\/span><b>\u00a0trasladar\u00e1 a una gala de premios de los Oscars y tendr\u00e1 lugar el pr\u00f3ximo 14 de octubre a las 20:30h.<\/b><\/p>\n<p><!--more--><\/p>\n<p><a class=\"single_photoswipe\" href=\"http:\/\/coraldecamaradenavarra.com\/wp-content\/uploads\/2021\/09\/Captura-de-pantalla-2021-10-04-a-las-14.23.15.png\" data-size=\"518x896\"><img decoding=\"async\" loading=\"lazy\" class=\"wp-image-3078 size-medium alignright\" src=\"http:\/\/coraldecamaradenavarra.com\/wp-content\/uploads\/2021\/09\/Captura-de-pantalla-2021-10-04-a-las-14.23.15-199x300.png\" alt=\"\" width=\"199\" height=\"300\" srcset=\"http:\/\/coraldecamaradenavarra.com\/wp-content\/uploads\/2021\/09\/Captura-de-pantalla-2021-10-04-a-las-14.23.15-199x300.png 199w, http:\/\/coraldecamaradenavarra.com\/wp-content\/uploads\/2021\/09\/Captura-de-pantalla-2021-10-04-a-las-14.23.15.png 598w\" sizes=\"(max-width: 199px) 100vw, 199px\" \/><\/a><\/p>\n<p>Jazzy Leap y la Jazzy Leap Band actuar\u00e1n en lo que ser\u00e1 algo m\u00e1s que un concierto. La gala \u00abUna Noche en los Oscar\u00bb buscar\u00e1 recrear la atm\u00f3sfera y el glamour de una entrega de premios ofreciendo un recorrido por las canciones nominadas y ganadoras del Oscar a mejor canci\u00f3n original, desde los a\u00f1os 30 del siglo pasado hasta nuestros d\u00edas. Los asistentes se sentir\u00e1n como aut\u00e9nticas estrellas de Hollywood luciendo sus mejores galas en la alfombra roja para disfrutar posteriormente de un espect\u00e1culo en el que la m\u00fasica vendr\u00e1 acompa\u00f1ada de proyecciones y del humor \u00e1cido caracter\u00edstico de los presentadores de los Oscar.<\/p>\n<p>Las entradas ya est\u00e1n a la venta al precio de 8\u20ac y se pueden adquirir en la web del <strong>Centro Cultural Tafalla Kulturgunea.<\/strong><\/p>\n<p>En esta ocasi\u00f3n Jazzy Leap estar\u00e1 acompa\u00f1ada por Jazzy Leap Band formada por:<\/p>\n<p><strong>Jazzy Leap<\/strong><\/p>\n<p><strong>Jazzy Leap Band<\/strong><\/p>\n<p>Andoni Arcilla: direcci\u00f3n musical, piano, voz y arreglos<br \/>\nAlberto Arteta: saxofones<br \/>\nLuis Gimenez: guitarra<br \/>\n\u00d3scar Mu\u00f1oz: bajo<br \/>\nJuanma Urriza: bater\u00eda<br \/>\nGui\u00f3n: Luis Miguel Torres<\/p>\n<p><b>DATOS IMPORTANTES: <\/b><\/p>\n<p><b>A night at the Oscars \/ Una noche en los Oscars \/ Oscarretan Gaupasa<br \/>\n<\/b><\/p>\n<p>&#8211; TEMPORADA ENCANTANDO DENBORALDIA 20-21<\/p>\n<p>Cu\u00e1ndo: viernes 14 de octubre<br \/>\n<span style=\"font-size: inherit;\">D\u00f3nde: Centro Cultural Tafalla Kulturgunea<br \/>\n<\/span><span style=\"font-size: inherit;\">Ciudad: Tafalla<br \/>\n<\/span><span style=\"font-size: inherit;\">Hora: 20:30horas.<br \/>\n<\/span><span style=\"font-size: inherit;\">Entrada: 8 euros<\/span><\/p>\n<p>Foto I. Cartel oficial del concierto realizado por Luis Miguel Torres.<\/p>\n<p><i><i><i><b><b><i>\u00a0 1 de octubre de 2022<\/i><\/b><\/b><\/i><\/i><\/i><\/p>\n","protected":false},"excerpt":{"rendered":"<p>JAZZY LEAP LLEVA LOS OSCARS A TAFALLA Jazzy Leap vuelve al Centro Cultural Tafalla Kulturgunea en\u00a0el marco\u00a0de la Temporada Encantando Denboraldia 21\/22.\u00a0El concierto, \u00abA\u00a0Night\u00a0at the Oscars\u00bb,\u00a0nos\u00a0trasladar\u00e1 a una gala de premios de los Oscars y tendr\u00e1 lugar el pr\u00f3ximo 14 de octubre a las 20:30h.<\/p>\n","protected":false},"author":3,"featured_media":3080,"comment_status":"open","ping_status":"open","sticky":false,"template":"","format":"standard","meta":[],"categories":[40,44,171],"tags":[],"_links":{"self":[{"href":"http:\/\/coraldecamaradenavarra.com\/index.php?rest_route=\/wp\/v2\/posts\/3208"}],"collection":[{"href":"http:\/\/coraldecamaradenavarra.com\/index.php?rest_route=\/wp\/v2\/posts"}],"about":[{"href":"http:\/\/coraldecamaradenavarra.com\/index.php?rest_route=\/wp\/v2\/types\/post"}],"author":[{"embeddable":true,"href":"http:\/\/coraldecamaradenavarra.com\/index.php?rest_route=\/wp\/v2\/users\/3"}],"replies":[{"embeddable":true,"href":"http:\/\/coraldecamaradenavarra.com\/index.php?rest_route=%2Fwp%2Fv2%2Fcomments&post=3208"}],"version-history":[{"count":1,"href":"http:\/\/coraldecamaradenavarra.com\/index.php?rest_route=\/wp\/v2\/posts\/3208\/revisions"}],"predecessor-version":[{"id":3209,"href":"http:\/\/coraldecamaradenavarra.com\/index.php?rest_route=\/wp\/v2\/posts\/3208\/revisions\/3209"}],"wp:featuredmedia":[{"embeddable":true,"href":"http:\/\/coraldecamaradenavarra.com\/index.php?rest_route=\/wp\/v2\/media\/3080"}],"wp:attachment":[{"href":"http:\/\/coraldecamaradenavarra.com\/index.php?rest_route=%2Fwp%2Fv2%2Fmedia&parent=3208"}],"wp:term":[{"taxonomy":"category","embeddable":true,"href":"http:\/\/coraldecamaradenavarra.com\/index.php?rest_route=%2Fwp%2Fv2%2Fcategories&post=3208"},{"taxonomy":"post_tag","embeddable":true,"href":"http:\/\/coraldecamaradenavarra.com\/index.php?rest_route=%2Fwp%2Fv2%2Ftags&post=3208"}],"curies":[{"name":"wp","href":"https:\/\/api.w.org\/{rel}","templated":true}]}}