{"id":3156,"date":"2022-05-02T12:07:46","date_gmt":"2022-05-02T12:07:46","guid":{"rendered":"http:\/\/coraldecamaradenavarra.com\/?p=3156"},"modified":"2022-05-02T12:07:48","modified_gmt":"2022-05-02T12:07:48","slug":"la-formacion-clasica-debuta-en-el-auditorio-nacional","status":"publish","type":"post","link":"http:\/\/coraldecamaradenavarra.com\/?p=3156&lang=es","title":{"rendered":"La Formaci\u00f3n Cl\u00e1sica debuta en el Auditorio Nacional"},"content":{"rendered":"<p>\u00a0<\/p>\n<p>La formaci\u00f3n cl\u00e1sica de la Coral de C\u00e1mara de Navarra actuar\u00e1 en la Catedral de Pamplona y el Auditorio Nacional de Madrid con un programa muy especial acompa\u00f1ada del organista \u00d3scar Candendo. Los conciertos ser\u00e1n los d\u00edas 4 y 7 de mayo.<\/p>\n<p><!--more--><\/p>\n<div class=\"page\" title=\"Page 1\">\n<div class=\"layoutArea\">\n<div class=\"column\">\n<p>El 21 de marzo de 2020, fecha en la que se conmemora cada a\u00f1o el cumplea\u00f1os del probablemente m\u00e1s importante compositor de todos los tiempos, J.S.Bach, la formaci\u00f3n cl\u00e1sica de la Coral de C\u00e1mara de Navarra deber\u00eda haberlo celebrado debutando en el <b>Auditorio Nacional de Madrid<\/b> dentro del ciclo <b>\u00abBach Vermut\u00bb<\/b> que, precisamente, homenajea al genio de Eisenach. Pero unos d\u00edas antes, el estado de emergencia decretado como consecuencia de la emergencia sanitaria ocasionada por la covid-19 hizo que el concierto se tuviera que cancelar.<\/p>\n<p>Ahora, m\u00e1s de dos a\u00f1os despu\u00e9s, Coral de C\u00e1mara de Navarra podr\u00e1 debutar por fin en la m\u00edtica Sala Sinf\u00f3nica del Auditorio Nacional dentro de la programaci\u00f3n del Ciclo Bach Vermut en donde apenas quedan algo m\u00e1s de 30 entradas por vender.<span class=\"Apple-converted-space\">\u00a0<\/span><\/p>\n<p>Organizado desde el a\u00f1o 2014 por el <a href=\"http:\/\/www.cndm.mcu.es\">CNDM<\/a> (Centro Nacional de Difusi\u00f3n Musical), el ciclo \u201cBach Vermut\u201d se ha convertido en toda una referencia en la programaci\u00f3n musical madrile\u00f1a. Su formato de arrollador \u00e9xito incluye la m\u00fasica de un gigante como Bach, interpretada por los mejores organistas del mundo en el formidable <b>\u00f3rgano Grenzing del Auditorio Nacional de M\u00fasica<\/b>, acompa\u00f1ada de un espacio gastron\u00f3mico en el que degustar un aperitivo antes y despu\u00e9s de cada concierto. Todo ello aderezado con una sesi\u00f3n de jazz en vivo en el hall del Auditorio en el que se reinterpreta la m\u00fasica del genio alem\u00e1n. Si bien debido a las medidas de seguridad imperantes no es posible disfrutar ahora de la parte l\u00fadico-gastron\u00f3mica de \u201cBach Vermut\u201d, el ciclo musical del CNDM contin\u00faa con gran \u00e9xito en la Sala Sinf\u00f3nica del Auditorio con los mejores instrumentistas internacionales, convertido por derecho propio en uno de los planes m\u00e1s redondos y asequibles de las ma\u00f1anas de los s\u00e1bados madrile\u00f1os.<\/p>\n<\/div>\n<p>El programa, que lleva por t\u00edtulo: \u00abJohann Sebastian Bach: Alfa y Omega\u00bb, estar\u00e1 protagonizado por el organista <b>\u00d3scar Candendo<\/b>, con quien la Coral grab\u00f3 la antolog\u00eda dedicada a Felipe Gorriti en 2012, y la <b>formaci\u00f3n cl\u00e1sica de la Coral de C\u00e1mara de Navarra<\/b> bajo la direcci\u00f3n de <b>David Guindano Igarreta.<span class=\"Apple-converted-space\">\u00a0<\/span><\/b><\/p>\n<p>Escribe Pablo Cepeda en las notas del programa de mano del concierto que tendr\u00e1 lugar en el Auditorio Nacional que <i>\u00abEl organista \u00d3scar Candendo y la Coral de C\u00e1mara de Navarra, dirigida por David Guindano, son los compa\u00f1eros de <\/i><b><i>un viaje espiritual con Bach como hogar y el \u00f3rgano y la voz como gu\u00eda y sustento.<\/i><\/b><i> Por el camino, descubriremos, en esta sesi\u00f3n de Bach Vermut, la m\u00fasica de los navarros Eslava y Gorriti.\u00bb<\/i> Nada resumen mejor el programa ideado por David Guindano Igarreta junto al organista \u00d3scar Candendo.<\/p>\n<p>Adem\u00e1s del concierto que tendr\u00e1 lugar en Madrid, la Temporada Encantando de la Coral de C\u00e1mara de Navarra, acoger\u00e1 este pr\u00f3ximo mi\u00e9rcoles el mismo concierto en la <strong>Catedral de Pamplona<\/strong> siendo una de las paradas del ciclo \u00abEl \u00f3rgano en las Catedrales\u00bb organizado por el CNDM y que recala en 8 Catedrales de todo el pa\u00eds a trav\u00e9s de colaboraciones con otros ciclos, festivales y temporadas nacionales.<\/p>\n<div class=\"page\" title=\"Page 3\">\n<div class=\"section\">\n<div class=\"layoutArea\">\n<div class=\"column\">\n<p>LAS CITAS:<\/p>\n<p><strong>Johann Sebastian Bach: Alfa y Omega.<\/strong><\/p>\n<p>Obras de J.S. Bach, F. Mendelssohn, H. Eslava, F. Liszt, J. Brahms, F. Gorriti, F.Mompou, C. Tournemire.<span class=\"Apple-converted-space\">\u00a0<\/span><\/p>\n<p><strong>Mi\u00e9rcoles 4 de mayo &#8211; 20:00 horas<\/strong> Catedral de Sta. Mar\u00eda la Real. Pamplona-Iru\u00f1a. Formaci\u00f3n Cl\u00e1sica de la CCN-NGA. \u00d3scar Candendo, \u00f3rgano. Direcci\u00f3n: David Guindano Igarreta.<\/p>\n<p>Entrada: Libre hasta completar aforo.<\/p>\n<p><a href=\"http:\/\/coraldecamaradenavarra.com\/wp-content\/uploads\/2022\/05\/BACH-programa-L.pdf\">Ver programa de mano\u00a0<\/a><\/p>\n<\/div>\n<\/div>\n<\/div>\n<\/div>\n<\/div>\n<div class=\"layoutArea\">\n<p><strong>Johann Sebastian Bach: Alfa y Omega.<\/strong><\/p>\n<p>Obras de J.S. Bach, F. Mendelssohn, H. Eslava, F. Liszt, J. Brahms, F. Gorriti, F.Mompou, J.L. Turina de Santos.<\/p>\n<p><strong>S\u00e1bado 7 de mayo &#8211; 12:30 horas<\/strong> Sala Sinf\u00f3nica del Auditorio Nacional de Madrid. Formaci\u00f3n Cl\u00e1sica de la CCN-NGA. \u00d3scar Candendo, \u00f3rgano. Direcci\u00f3n: David Guindano Igarreta.<\/p>\n<p>\u00daltimas entradas a la venta:\u00a0<a href=\"https:\/\/www.entradasinaem.es\/InicioCompra.aspx\">https:\/\/www.entradasinaem.es\/InicioCompra.aspx<\/a>\u00a0<\/p>\n<p><a href=\"http:\/\/coraldecamaradenavarra.com\/wp-content\/uploads\/2022\/05\/BV-46_AF-baja_dig_B_compressed.pdf\">Ver programa de mano<\/a><\/p>\n<p><em style=\"font-size: inherit;\">Lunes 25 de abril de 2022<\/em><\/p>\n<\/div>\n<\/div>\n\n\n<div class=\"wp-block-group is-layout-flow\"><div class=\"wp-block-group__inner-container\"><\/div><\/div>\n","protected":false},"excerpt":{"rendered":"<p>\u00a0 La formaci\u00f3n cl\u00e1sica de la Coral de C\u00e1mara de Navarra actuar\u00e1 en la Catedral de Pamplona y el Auditorio Nacional de Madrid con un programa muy especial acompa\u00f1ada del organista \u00d3scar Candendo. Los conciertos ser\u00e1n los d\u00edas 4 y 7 de mayo.<\/p>\n","protected":false},"author":3,"featured_media":3158,"comment_status":"open","ping_status":"open","sticky":false,"template":"","format":"standard","meta":[],"categories":[44],"tags":[],"_links":{"self":[{"href":"http:\/\/coraldecamaradenavarra.com\/index.php?rest_route=\/wp\/v2\/posts\/3156"}],"collection":[{"href":"http:\/\/coraldecamaradenavarra.com\/index.php?rest_route=\/wp\/v2\/posts"}],"about":[{"href":"http:\/\/coraldecamaradenavarra.com\/index.php?rest_route=\/wp\/v2\/types\/post"}],"author":[{"embeddable":true,"href":"http:\/\/coraldecamaradenavarra.com\/index.php?rest_route=\/wp\/v2\/users\/3"}],"replies":[{"embeddable":true,"href":"http:\/\/coraldecamaradenavarra.com\/index.php?rest_route=%2Fwp%2Fv2%2Fcomments&post=3156"}],"version-history":[{"count":4,"href":"http:\/\/coraldecamaradenavarra.com\/index.php?rest_route=\/wp\/v2\/posts\/3156\/revisions"}],"predecessor-version":[{"id":3163,"href":"http:\/\/coraldecamaradenavarra.com\/index.php?rest_route=\/wp\/v2\/posts\/3156\/revisions\/3163"}],"wp:featuredmedia":[{"embeddable":true,"href":"http:\/\/coraldecamaradenavarra.com\/index.php?rest_route=\/wp\/v2\/media\/3158"}],"wp:attachment":[{"href":"http:\/\/coraldecamaradenavarra.com\/index.php?rest_route=%2Fwp%2Fv2%2Fmedia&parent=3156"}],"wp:term":[{"taxonomy":"category","embeddable":true,"href":"http:\/\/coraldecamaradenavarra.com\/index.php?rest_route=%2Fwp%2Fv2%2Fcategories&post=3156"},{"taxonomy":"post_tag","embeddable":true,"href":"http:\/\/coraldecamaradenavarra.com\/index.php?rest_route=%2Fwp%2Fv2%2Ftags&post=3156"}],"curies":[{"name":"wp","href":"https:\/\/api.w.org\/{rel}","templated":true}]}}