{"id":3147,"date":"2022-04-13T14:46:00","date_gmt":"2022-04-13T14:46:00","guid":{"rendered":"http:\/\/coraldecamaradenavarra.com\/?p=3147"},"modified":"2022-05-02T12:09:46","modified_gmt":"2022-05-02T12:09:46","slug":"asamblea-general-ordinaria-de-socios-bazkideen-ohiko-baztar-nagusia-6","status":"publish","type":"post","link":"http:\/\/coraldecamaradenavarra.com\/?p=3147&lang=es","title":{"rendered":"Asamblea general ordinaria de socios\/ Bazkideen ohiko baztar nagusia"},"content":{"rendered":"<p><\/p>\n<h1>ASAMBLEA GENERAL ORDINARIA DE SOCIOS \/ BAZKIDEEN OHIKO BAZTAR NAGUSIA<\/h1>\n<p><\/p>\n<p>Hoy mi\u00e9rcoles 13 de abril ha sido convocada la Asamblea General Ordinaria de Socios de la Coral de C\u00e1mara de Navarra de este a\u00f1o 2022 que tendr\u00e1 lugar el pr\u00f3ximo jueves 28 de abril a las 19:00h en primera convocatoria y a las 19:30h en segunda convocatoria en la sede de la Coral de C\u00e1mara de Navarra sita en la Calle Mayor, n\u00ba50 de Pamplona-Iru\u00f1a.<\/p>\n<p><!--more--><\/p>\n<p><a class=\"single_photoswipe\" href=\"http:\/\/coraldecamaradenavarra.com\/wp-content\/uploads\/2012\/04\/logosocios.jpg\" data-size=\"1856x579\"><img decoding=\"async\" loading=\"lazy\" class=\"size-medium wp-image-1159 aligncenter\" src=\"http:\/\/coraldecamaradenavarra.com\/wp-content\/uploads\/2012\/04\/logosocios-300x94.jpg\" alt=\"\" width=\"300\" height=\"94\" srcset=\"http:\/\/coraldecamaradenavarra.com\/wp-content\/uploads\/2012\/04\/logosocios-300x94.jpg 300w, http:\/\/coraldecamaradenavarra.com\/wp-content\/uploads\/2012\/04\/logosocios-1024x319.jpg 1024w, http:\/\/coraldecamaradenavarra.com\/wp-content\/uploads\/2012\/04\/logosocios.jpg 1856w\" sizes=\"(max-width: 300px) 100vw, 300px\" \/><\/a><\/p>\n<p><\/p>\n<p>Como cada a\u00f1o la Junta Directiva de la Coral de C\u00e1mara de Navarra\/Nafarroako Ganbera Abesbatza hace p\u00fablica la convocatoria de la Asamblea General de Socios de la entidad.<\/p>\n<p><b>\u00bfD\u00f3nde se celebrar\u00e1? <\/b><\/p>\n<p>En la sede de la Coral de C\u00e1mara de Navarra sita en la Calle Mayor, n\u00ba50 de Pamplona-Iru\u00f1a.<\/p>\n<p><strong>\u00bfCu\u00e1ndo se celebrar\u00e1?<\/strong><\/p>\n<p>El jueves 28 de abril a las 19:00 horas en primera convocatoria, 19:30 horas en segunda convocatoria.<\/p>\n<p><b>Puedes descargarte convocatoria con el orden del d\u00eda de la misma pinchando en el pdf.<\/b><\/p>\n<p><a href=\"http:\/\/coraldecamaradenavarra.com\/wp-content\/uploads\/2022\/04\/Convocatoria-Asamblea-Socios-CC_NGA-abril-2022.pdf\">CONVOCATORIA CASTELLANO ASAMBLEA SOCIOS 2022<\/a><\/p>\n<p>Mi\u00e9rcoles 13 de abril de 2022<\/p>\n\n\n<div class=\"wp-block-group is-layout-flow\"><div class=\"wp-block-group__inner-container\"><\/div><\/div>\n","protected":false},"excerpt":{"rendered":"<p>ASAMBLEA GENERAL ORDINARIA DE SOCIOS \/ BAZKIDEEN OHIKO BAZTAR NAGUSIA Hoy mi\u00e9rcoles 13 de abril ha sido convocada la Asamblea General Ordinaria de Socios de la Coral de C\u00e1mara de Navarra de este a\u00f1o 2022 que tendr\u00e1 lugar el pr\u00f3ximo jueves 28 de abril a las 19:00h en primera convocatoria y a las 19:30h en segunda convocatoria en la sede<\/p>\n","protected":false},"author":3,"featured_media":2820,"comment_status":"open","ping_status":"open","sticky":false,"template":"","format":"standard","meta":[],"categories":[44],"tags":[],"_links":{"self":[{"href":"http:\/\/coraldecamaradenavarra.com\/index.php?rest_route=\/wp\/v2\/posts\/3147"}],"collection":[{"href":"http:\/\/coraldecamaradenavarra.com\/index.php?rest_route=\/wp\/v2\/posts"}],"about":[{"href":"http:\/\/coraldecamaradenavarra.com\/index.php?rest_route=\/wp\/v2\/types\/post"}],"author":[{"embeddable":true,"href":"http:\/\/coraldecamaradenavarra.com\/index.php?rest_route=\/wp\/v2\/users\/3"}],"replies":[{"embeddable":true,"href":"http:\/\/coraldecamaradenavarra.com\/index.php?rest_route=%2Fwp%2Fv2%2Fcomments&post=3147"}],"version-history":[{"count":5,"href":"http:\/\/coraldecamaradenavarra.com\/index.php?rest_route=\/wp\/v2\/posts\/3147\/revisions"}],"predecessor-version":[{"id":3164,"href":"http:\/\/coraldecamaradenavarra.com\/index.php?rest_route=\/wp\/v2\/posts\/3147\/revisions\/3164"}],"wp:featuredmedia":[{"embeddable":true,"href":"http:\/\/coraldecamaradenavarra.com\/index.php?rest_route=\/wp\/v2\/media\/2820"}],"wp:attachment":[{"href":"http:\/\/coraldecamaradenavarra.com\/index.php?rest_route=%2Fwp%2Fv2%2Fmedia&parent=3147"}],"wp:term":[{"taxonomy":"category","embeddable":true,"href":"http:\/\/coraldecamaradenavarra.com\/index.php?rest_route=%2Fwp%2Fv2%2Fcategories&post=3147"},{"taxonomy":"post_tag","embeddable":true,"href":"http:\/\/coraldecamaradenavarra.com\/index.php?rest_route=%2Fwp%2Fv2%2Ftags&post=3147"}],"curies":[{"name":"wp","href":"https:\/\/api.w.org\/{rel}","templated":true}]}}