{"id":3104,"date":"2021-11-10T11:01:09","date_gmt":"2021-11-10T11:01:09","guid":{"rendered":"http:\/\/coraldecamaradenavarra.com\/?p=3104"},"modified":"2021-12-02T13:04:08","modified_gmt":"2021-12-02T13:04:08","slug":"jazzy-leap-vuelve-a-baluarte-con-hosanna","status":"publish","type":"post","link":"http:\/\/coraldecamaradenavarra.com\/?p=3104&lang=es","title":{"rendered":"JAZZY LEAP VUELVE A BALUARTE CON HOSANNA"},"content":{"rendered":"<h1>JAZZY LEAP VUELVE A BALUARTE POR NAVIDAD<\/h1>\n<p><b>Jazzy Leap regresa a Baluarte<\/b><b>\u00a0dentro de la Temporada Encantando Denboraldia 21\/22.\u00a0El concierto, \u00abHosanna<\/b><b>\u00ab,\u00a0<\/b><span style=\"font-weight: 600;\">nos<\/span><b>\u00a0acercar\u00e1 a la\u00a0<\/b><span style=\"font-weight: 600;\">m\u00fasica<\/span><b>\u00a0de\u00a0<\/b><span style=\"font-weight: 600;\">Kirk Franklin<\/span><b>\u00a0y cl\u00e1sicos del gospel y tendr\u00e1 lugar el pr\u00f3ximo 19 de diciembre a las 19h.<\/b><\/p>\n<p><!--more--><\/p>\n<p><a class=\"single_photoswipe\" href=\"http:\/\/coraldecamaradenavarra.com\/wp-content\/uploads\/2021\/11\/Hosanna_bajaweb.png\" data-size=\"518x896\"><img decoding=\"async\" loading=\"lazy\" class=\"wp-image-3107 size-medium alignright\" src=\"http:\/\/coraldecamaradenavarra.com\/wp-content\/uploads\/2021\/11\/Hosanna_bajaweb-205x300.png\" alt=\"\" width=\"205\" height=\"300\" srcset=\"http:\/\/coraldecamaradenavarra.com\/wp-content\/uploads\/2021\/11\/Hosanna_bajaweb-205x300.png 205w, http:\/\/coraldecamaradenavarra.com\/wp-content\/uploads\/2021\/11\/Hosanna_bajaweb.png 613w\" sizes=\"(max-width: 205px) 100vw, 205px\" \/><\/a><\/p>\n<div class=\"page\" title=\"Page 1\">\n<div class=\"section\">\n<div class=\"layoutArea\">\n<div class=\"column\">\n<p>La Temporada Encantando de la Coral de C\u00e1mara de Navarra acoge el habitual concierto de g\u00f3spel de Jazzy Leap centrado en la figura del compositor, cantante y pianista Kirk Franklin, y lo\u00a0<span style=\"font-size: inherit;\">hace versionando los mejores temas de su \u00e1lbum The Rebirth of Kirk Franklin (2002), mayormente. No obstante, el repertorio que presenta tambi\u00e9n incluye pinceladas de otros m\u00fasicos, como es el caso de Show Up (John P. Kee), I Must Tell Jesus (arr.: Mark Hayes) o Swing Low, Sweet Chariot y His Eye on the Sparrow (arr.: Andoni Arcilla, director).<\/span><\/p>\n<\/div>\n<\/div>\n<\/div>\n<\/div>\n<div class=\"page\" title=\"Page 2\">\n<div class=\"section\">\n<div class=\"layoutArea\">\n<div class=\"column\">\n<p>En esta ocasi\u00f3n, la totalidad de los temas ser\u00e1n acompa\u00f1ados por Jazzy Leap Band (quinteto, liderado por el propio Arcilla al piano y la voz, que incluye a Alberto Arteta al saxof\u00f3n, Luis Gim\u00e9nez a la guitarra, \u00d3scar Mu\u00f1oz al bajo y Juanma Urriza a la bater\u00eda). Cabe rese\u00f1ar que, durante la velada (a trav\u00e9s de las adaptaciones y arreglos instrumentales de su director, y de la propia idiosincrasia de ambas formaciones), los momentos de protagonismo vocal ceder\u00e1n intermitentemente espacio a la improvisaci\u00f3n instrumental, consiguiendo as\u00ed una sonoridad m\u00e1s jazz\u00edsYca y ac\u00fasYca respecto al sonido original.<\/p>\n<p>Igualmente, son destacables las intervenciones de las\/os principales cantantes solistas, especialmente la de la voz m\u00e1s \u201cnegra\u201d del grupo: Bego\u00f1a Garc\u00eda.<\/p>\n<\/div>\n<\/div>\n<\/div>\n<\/div>\n<p><span style=\"font-size: inherit;\">En esta ocasi\u00f3n Jazzy Leap estar\u00e1 acompa\u00f1ada por Jazzy Leap Band formada por:<\/span><\/p>\n<p><strong>Jazzy Leap<\/strong> (18 voces)<\/p>\n<p><strong>Jazzy Leap Band<\/strong><\/p>\n<p>Andoni Arcilla: direcci\u00f3n musical, piano, voz y arreglos<br \/>\nAlberto Arteta: saxofones<br \/>\nLuis Gimenez: guitarra<br \/>\n\u00d3scar Mu\u00f1oz: bajo<br \/>\nJuanma Urriza: bater\u00eda<\/p>\n<p><b>DATOS IMPORTANTES: <\/b><\/p>\n<p><b>Hosanna (<\/b><span style=\"font-weight: 600;\">Kirk Franklin y cl\u00e1sicos del\u00a0g\u00f3speles<\/span><b>)<\/b><\/p>\n<p>&#8211; TEMPORADA ENCANTANDO DENBORALDIA 20-21<\/p>\n<p>Cu\u00e1ndo: domingo 19 de noviembre<br \/>\n<span style=\"font-size: inherit;\">D\u00f3nde: Sala de C\u00e1mara &#8211; Auditorio Baluarte<br \/>\n<\/span><span style=\"font-size: inherit;\">Ciudad: Pamplona-Iru\u00f1a<br \/>\n<\/span><span style=\"font-size: inherit;\">Hora: 19:00horas.<br \/>\n<\/span><span style=\"font-size: inherit;\">Entrada: 12 euros<\/span><\/p>\n<p>Foto I. Cartel oficial del concierto realizado por Luis Miguel Torres.<\/p>\n<p><i><i><i><b><b><i>\u00a0 2 de noviembre de 2021<\/i><\/b><\/b><\/i><\/i><\/i><\/p>\n","protected":false},"excerpt":{"rendered":"<p>JAZZY LEAP VUELVE A BALUARTE POR NAVIDAD Jazzy Leap regresa a Baluarte\u00a0dentro de la Temporada Encantando Denboraldia 21\/22.\u00a0El concierto, \u00abHosanna\u00ab,\u00a0nos\u00a0acercar\u00e1 a la\u00a0m\u00fasica\u00a0de\u00a0Kirk Franklin\u00a0y cl\u00e1sicos del gospel y tendr\u00e1 lugar el pr\u00f3ximo 19 de diciembre a las 19h.<\/p>\n","protected":false},"author":3,"featured_media":3116,"comment_status":"open","ping_status":"open","sticky":false,"template":"","format":"standard","meta":[],"categories":[40,44,171],"tags":[],"_links":{"self":[{"href":"http:\/\/coraldecamaradenavarra.com\/index.php?rest_route=\/wp\/v2\/posts\/3104"}],"collection":[{"href":"http:\/\/coraldecamaradenavarra.com\/index.php?rest_route=\/wp\/v2\/posts"}],"about":[{"href":"http:\/\/coraldecamaradenavarra.com\/index.php?rest_route=\/wp\/v2\/types\/post"}],"author":[{"embeddable":true,"href":"http:\/\/coraldecamaradenavarra.com\/index.php?rest_route=\/wp\/v2\/users\/3"}],"replies":[{"embeddable":true,"href":"http:\/\/coraldecamaradenavarra.com\/index.php?rest_route=%2Fwp%2Fv2%2Fcomments&post=3104"}],"version-history":[{"count":2,"href":"http:\/\/coraldecamaradenavarra.com\/index.php?rest_route=\/wp\/v2\/posts\/3104\/revisions"}],"predecessor-version":[{"id":3115,"href":"http:\/\/coraldecamaradenavarra.com\/index.php?rest_route=\/wp\/v2\/posts\/3104\/revisions\/3115"}],"wp:featuredmedia":[{"embeddable":true,"href":"http:\/\/coraldecamaradenavarra.com\/index.php?rest_route=\/wp\/v2\/media\/3116"}],"wp:attachment":[{"href":"http:\/\/coraldecamaradenavarra.com\/index.php?rest_route=%2Fwp%2Fv2%2Fmedia&parent=3104"}],"wp:term":[{"taxonomy":"category","embeddable":true,"href":"http:\/\/coraldecamaradenavarra.com\/index.php?rest_route=%2Fwp%2Fv2%2Fcategories&post=3104"},{"taxonomy":"post_tag","embeddable":true,"href":"http:\/\/coraldecamaradenavarra.com\/index.php?rest_route=%2Fwp%2Fv2%2Ftags&post=3104"}],"curies":[{"name":"wp","href":"https:\/\/api.w.org\/{rel}","templated":true}]}}