{"id":3101,"date":"2021-10-23T14:08:35","date_gmt":"2021-10-23T14:08:35","guid":{"rendered":"http:\/\/coraldecamaradenavarra.com\/?p=3101"},"modified":"2021-10-23T14:13:31","modified_gmt":"2021-10-23T14:13:31","slug":"doble-homenaje-a-josquin-desprez","status":"publish","type":"post","link":"http:\/\/coraldecamaradenavarra.com\/?p=3101&lang=es","title":{"rendered":"DOBLE HOMENAJE A Josquin Desprez"},"content":{"rendered":"<p>\u00a0<\/p>\n<p>La M\u00fasica Antigua vuelve a sonar en la Temporada Encantando en una doble cita para conmemorar el 500 aniversario de la muerte de Josquin Desprez. La Capilla Renacentista \u00abMichael Navarrus\u00bb actuar\u00e1 en Villamayor de Monjard\u00edn y en Orcoyen los d\u00edas 23 y 24 de octubre respectivamente.<\/p>\n<p><!--more--><\/p>\n<div class=\"page\" title=\"Page 1\">\n<div class=\"layoutArea\">\n<div class=\"column\">\n<p>Las localidades de <strong>Villamayor de Monjard\u00edn<\/strong> y de <strong>Orcoyen<\/strong> ser\u00e1n testigo de los \u00fanicos homenajes realizados a la figura de uno de los compositores m\u00e1s importantes de la historia de la m\u00fasica occidental. Hablamos de<strong> Josquin Desprez<\/strong>. Los conciertos estar\u00e1n protagonizados por la Capilla renacentista \u00abMichael Navarrus\u00bb bajo la direcci\u00f3n de <strong>Beatriz Aguirre<\/strong>. En programa: \u00abPhilippus Rex Hispaniae\u00bb<\/p>\n<\/div>\n<div class=\"page\" title=\"Page 3\">\n<div class=\"section\">\n<div class=\"layoutArea\">\n<div class=\"column\">\n<p>LAS CITAS:<\/p>\n<p><strong>Philippus Rex Hispaniae\u00bb &#8211; S\u00e1bado 23 de octubre &#8211; 19:00 horas<\/strong> Iglesia de San Andr\u00e9s Ap\u00f3stol. Villamayor de Monjard\u00edn. Capilla renacentista \u00abMichael Navarrus\u00bb. Direcci\u00f3n: Beatriz Aguirre.<\/p>\n<p><strong>Philippus Rex Hispaniae\u00bb &#8211; Domingo 24 de octubre &#8211; 19:00 horas<\/strong> Iglesia de San Miguel. Villamayor de Monjard\u00edn. Capilla renacentista \u00abMichael Navarrus\u00bb. Direcci\u00f3n: Beatriz Aguirre.<\/p>\n<p>Entradas: Libre hasta completar aforo.<\/p>\n<p><a href=\"https:\/\/drive.google.com\/file\/d\/1IazvShZmZNqC2zeS7DdaL2pWCd9zWeQC\/view?usp=sharing\">M\u00e1s informaci\u00f3n<\/a><\/p>\n<\/div>\n<\/div>\n<\/div>\n<\/div>\n<\/div>\n<div class=\"layoutArea\">\n<p><em style=\"font-size: inherit;\">Viernes 22 de octubre de 2021<\/em><\/p>\n<\/div>\n<\/div>\n\n\n<div class=\"wp-block-group is-layout-flow\"><div class=\"wp-block-group__inner-container\"><\/div><\/div>\n","protected":false},"excerpt":{"rendered":"<p>\u00a0 La M\u00fasica Antigua vuelve a sonar en la Temporada Encantando en una doble cita para conmemorar el 500 aniversario de la muerte de Josquin Desprez. La Capilla Renacentista \u00abMichael Navarrus\u00bb actuar\u00e1 en Villamayor de Monjard\u00edn y en Orcoyen los d\u00edas 23 y 24 de octubre respectivamente.<\/p>\n","protected":false},"author":3,"featured_media":3098,"comment_status":"open","ping_status":"open","sticky":false,"template":"","format":"standard","meta":[],"categories":[44],"tags":[],"_links":{"self":[{"href":"http:\/\/coraldecamaradenavarra.com\/index.php?rest_route=\/wp\/v2\/posts\/3101"}],"collection":[{"href":"http:\/\/coraldecamaradenavarra.com\/index.php?rest_route=\/wp\/v2\/posts"}],"about":[{"href":"http:\/\/coraldecamaradenavarra.com\/index.php?rest_route=\/wp\/v2\/types\/post"}],"author":[{"embeddable":true,"href":"http:\/\/coraldecamaradenavarra.com\/index.php?rest_route=\/wp\/v2\/users\/3"}],"replies":[{"embeddable":true,"href":"http:\/\/coraldecamaradenavarra.com\/index.php?rest_route=%2Fwp%2Fv2%2Fcomments&post=3101"}],"version-history":[{"count":2,"href":"http:\/\/coraldecamaradenavarra.com\/index.php?rest_route=\/wp\/v2\/posts\/3101\/revisions"}],"predecessor-version":[{"id":3103,"href":"http:\/\/coraldecamaradenavarra.com\/index.php?rest_route=\/wp\/v2\/posts\/3101\/revisions\/3103"}],"wp:featuredmedia":[{"embeddable":true,"href":"http:\/\/coraldecamaradenavarra.com\/index.php?rest_route=\/wp\/v2\/media\/3098"}],"wp:attachment":[{"href":"http:\/\/coraldecamaradenavarra.com\/index.php?rest_route=%2Fwp%2Fv2%2Fmedia&parent=3101"}],"wp:term":[{"taxonomy":"category","embeddable":true,"href":"http:\/\/coraldecamaradenavarra.com\/index.php?rest_route=%2Fwp%2Fv2%2Fcategories&post=3101"},{"taxonomy":"post_tag","embeddable":true,"href":"http:\/\/coraldecamaradenavarra.com\/index.php?rest_route=%2Fwp%2Fv2%2Ftags&post=3101"}],"curies":[{"name":"wp","href":"https:\/\/api.w.org\/{rel}","templated":true}]}}