{"id":3075,"date":"2021-09-13T13:10:00","date_gmt":"2021-09-13T13:10:00","guid":{"rendered":"http:\/\/coraldecamaradenavarra.com\/?p=3075"},"modified":"2021-09-15T13:11:11","modified_gmt":"2021-09-15T13:11:11","slug":"semana-dedicada-a-emilio-arrieta","status":"publish","type":"post","link":"http:\/\/coraldecamaradenavarra.com\/?p=3075&lang=es","title":{"rendered":"SEMANA DEDICADA A EMILIO ARRIETA"},"content":{"rendered":"<p>\u00a0<\/p>\n<p>La Temporada Encantando continua con un ciclo de conciertos y actividades de divulgaci\u00f3n entorno a la figura del compositor puentesino Emilio Arrieta.<\/p>\n<p><!--more--><\/p>\n<div class=\"page\" title=\"Page 1\">\n<div class=\"layoutArea\">\n<div class=\"column\">\n<p>Desde el 15 al 22 de septiembre la Coral de C\u00e1mara de Navarra ha organizado varias actividades para conmemorar el 200 aniversario del nacimiento de Emilio Arrieta. \u00a0El ciclo, que se celebrar\u00e1 en\u00a0Pamplona y Puente la Reina tiene lugar en el marco de la programaci\u00f3n de nuestra Temporada Encantando Denboraldia 2020\/2021.<\/p>\n<\/div>\n<div class=\"page\" title=\"Page 3\">\n<div class=\"section\">\n<div class=\"layoutArea\">\n<div class=\"column\">\n<p><strong>LAS CITAS:<\/strong><\/p>\n<\/div>\n<div class=\"column\">\n<div><strong>Emilio Arrieta:<\/strong> <b>Un navarro entre navarros en el Madrid del S.XIX<\/b><\/div>\n<div>Conferencia con ejemplos en directo<\/div>\n<div>Mi\u00e9rcoles 15 de septiembre &#8211; 19:30h Sal\u00f3n Nuevo Casino, Pamplona<\/div>\n<div>Ariadna Mart\u00ednez, soprano<\/div>\n<div>Asier Pel\u00e1ez, guitarra<\/div>\n<div>Rinaldo Zhok, piano<\/div>\n<div>Ponente, \u00d3scar Salvoch<\/div>\n<div>\u00a0<\/div>\n<div><strong>Del uno al otro polo<\/strong><\/div>\n<div><strong>M\u00fasicos navarros en el Madrid del S.XIX<\/strong><\/div>\n<div><strong>Cuatro estrenos absolutos en tiempos modernos<\/strong><\/div>\n<div>S\u00e1bado 18 de septiembre &#8211; 20:00 h Parroquia de San Nicol\u00e1s de Pamplona<\/div>\n<div>Lola Elorza, soprano<\/div>\n<div>Jos\u00e9 Luis Sola, tenor<\/div>\n<div>Juli\u00e1n Irulegui, bar\u00edtono<\/div>\n<div>Rinaldo Zhok, \u00f3rgano<\/div>\n<div>Formaci\u00f3n Cl\u00e1sica Coral de C\u00e1mara de Navarra<\/div>\n<div>Director: David Guindano Igarreta<\/div>\n<div>\u00a0<\/div>\n<div><b>\u00abEmilio Arrieta: mucho m\u00e1s que el compositor de Marina\u00bb<\/b><\/div>\n<div>Conferencia para alumnos de musicolog\u00eda<\/div>\n<div>Ponente: V\u00edctor S\u00e1nchez S\u00e1nchez<\/div>\n<div>Profesor titular de Historia de la M\u00fasica de la Universidad Complutense de Madrid<\/div>\n<div>Mi\u00e9rcoles 22 de septiembre &#8211; 10:30h Mediateca Conservatorio Superior de M\u00fasica de Navarra<\/div>\n<div><span style=\"font-size: inherit;\">Acceso restringido a alumnado de los conservatorios profesional y superior.<\/span><\/div>\n<\/div>\n<\/div>\n<\/div>\n<div class=\"section\">\n<div class=\"layoutArea\">\n<div class=\"column\">\n<div class=\"page\" title=\"Page 7\">\n<div class=\"section\">\n<div class=\"layoutArea\">\n<div class=\"column\">\n<p><strong> \u201cPuente la Reina, 400 a\u00f1os de m\u00fasica\u201d <\/strong><\/p>\n<p>Mesa redonda orientada a alumnos de secundaria de Puente la Reina- Gares, moderada por David Guindano Igarreta. \u201cPuente la Reina, 400 a\u00f1os de m\u00fasica\u201d con participaci\u00f3n de distintos m\u00fasicos de la localidad.<\/p>\n<p>Fecha por confirmar.<\/p>\n<\/div>\n<\/div>\n<\/div>\n<\/div>\n<\/div>\n<\/div>\n<\/div>\n<\/div>\n<p><strong>Entradas:<\/strong> Libre hasta completar aforo. El acceso al p\u00fablico se har\u00e1 15 minutos antes del comienzo de los eventos. Es obligatorio el uso de mascarilla y la aplicaci\u00f3n de gel hidroalcoh\u00f3lico.\u00a0<\/p>\n<\/div>\n<div class=\"layoutArea\">\n<p><em style=\"font-size: inherit;\">Lunes 13 de septiembre de 2021<\/em><\/p>\n<\/div>\n<\/div>\n\n\n<div class=\"wp-block-group is-layout-flow\"><div class=\"wp-block-group__inner-container\"><\/div><\/div>\n","protected":false},"excerpt":{"rendered":"<p>\u00a0 La Temporada Encantando continua con un ciclo de conciertos y actividades de divulgaci\u00f3n entorno a la figura del compositor puentesino Emilio Arrieta.<\/p>\n","protected":false},"author":3,"featured_media":3058,"comment_status":"open","ping_status":"open","sticky":false,"template":"","format":"standard","meta":[],"categories":[44],"tags":[],"_links":{"self":[{"href":"http:\/\/coraldecamaradenavarra.com\/index.php?rest_route=\/wp\/v2\/posts\/3075"}],"collection":[{"href":"http:\/\/coraldecamaradenavarra.com\/index.php?rest_route=\/wp\/v2\/posts"}],"about":[{"href":"http:\/\/coraldecamaradenavarra.com\/index.php?rest_route=\/wp\/v2\/types\/post"}],"author":[{"embeddable":true,"href":"http:\/\/coraldecamaradenavarra.com\/index.php?rest_route=\/wp\/v2\/users\/3"}],"replies":[{"embeddable":true,"href":"http:\/\/coraldecamaradenavarra.com\/index.php?rest_route=%2Fwp%2Fv2%2Fcomments&post=3075"}],"version-history":[{"count":1,"href":"http:\/\/coraldecamaradenavarra.com\/index.php?rest_route=\/wp\/v2\/posts\/3075\/revisions"}],"predecessor-version":[{"id":3076,"href":"http:\/\/coraldecamaradenavarra.com\/index.php?rest_route=\/wp\/v2\/posts\/3075\/revisions\/3076"}],"wp:featuredmedia":[{"embeddable":true,"href":"http:\/\/coraldecamaradenavarra.com\/index.php?rest_route=\/wp\/v2\/media\/3058"}],"wp:attachment":[{"href":"http:\/\/coraldecamaradenavarra.com\/index.php?rest_route=%2Fwp%2Fv2%2Fmedia&parent=3075"}],"wp:term":[{"taxonomy":"category","embeddable":true,"href":"http:\/\/coraldecamaradenavarra.com\/index.php?rest_route=%2Fwp%2Fv2%2Fcategories&post=3075"},{"taxonomy":"post_tag","embeddable":true,"href":"http:\/\/coraldecamaradenavarra.com\/index.php?rest_route=%2Fwp%2Fv2%2Ftags&post=3075"}],"curies":[{"name":"wp","href":"https:\/\/api.w.org\/{rel}","templated":true}]}}