{"id":3046,"date":"2021-08-27T09:43:00","date_gmt":"2021-08-27T09:43:00","guid":{"rendered":"http:\/\/coraldecamaradenavarra.com\/?p=3046"},"modified":"2021-09-04T06:32:58","modified_gmt":"2021-09-04T06:32:58","slug":"doble-cita-con-tempus-in-templo","status":"publish","type":"post","link":"http:\/\/coraldecamaradenavarra.com\/?p=3046&lang=es","title":{"rendered":"DOBLE CITA CON \u00abTEMPUS IN TEMPLO\u00bb"},"content":{"rendered":"<p>\u00a0<\/p>\n<p>La Temporada Encantando vuelve con doble parada en Viana y Pamplona. La Capilla Renacentista \u00abMichael Navarrus\u00bb junto a Kon Moci\u00f3n Danza ofrecer\u00e1n el espect\u00e1culo \u00abTempus in Templo\u00bb los d\u00edas 4 y 5 de septiembre.<\/p>\n<p><!--more--><\/p>\n<div class=\"page\" title=\"Page 1\">\n<div class=\"layoutArea\">\n<div class=\"column\">\n<p>Los pr\u00f3ximos 4 y 5 de septiembre la <strong>Capilla renacentista \u00abMichael Navarrus\u00bb<\/strong> (CRMN) actuar\u00e1 junto a <strong>Kon Moci\u00f3n Danza<\/strong> en las ruinas de Ia Iglesia de San Pedro, Viana y en la Plaza de la Catedral de Pamplona \u00a0dentro de la programaci\u00f3n de nuestra Temporada Encantando Denboraldia 2020\/2021.<\/p>\n<\/div>\n<div class=\"page\" title=\"Page 3\">\n<div class=\"section\">\n<div class=\"layoutArea\">\n<div class=\"column\">\n<p><strong>Tempus in templo<\/strong> es un espect\u00e1culo de danza contempor\u00e1nea con m\u00fasica sacra antigua. Se estrena en Pamplona en mayo del 2019 como proyecto estrella de la Coral de C\u00e1mara de Navarra, bajo la direcci\u00f3n de <strong>David Guindano Igarreta<\/strong>, con coreograf\u00eda de <strong>Becky Siegel<\/strong>, y con el apoyo del Gobierno de Navarra y el Ayuntamiento de Pamplona, entre otras entidades. Ha sido finalista en los prestigiosos premios GEMA a la Innovaci\u00f3n y Creatividad en la M\u00fasica Antigua.<\/p>\n<p>Tempus in templo se adentra en la m\u00fasica sacra antigua, como si de un espacio se tratara, un espacio para descubrir, sentir, coreografi ar. La contemporaneidad del lenguaje de danza y la intemporalidad de esta m\u00fasica que perdura a trav\u00e9s de los siglos no solo cohabitan en un mismo tiempo y espacio sino que se refuerzan mutuamente.<\/p>\n<p>La obra explora la arquitectura de la m\u00fasica, del cuerpo y de la composici\u00f3n coreogr\u00e1fica, mientras los bailarines transitan fluidamente entre lo divino y lo humano, entre lo abstracto y lo cotidiano, y llegamos a sentir la universalidad del dolor de una madre por la p\u00e9rdida de su hijo y la necesidad de superar ese dolor.<\/p>\n<\/div>\n<\/div>\n<\/div>\n<div class=\"section\">\n<div class=\"layoutArea\">\n<div class=\"column\">\n<p>Tempus in templo es una celebraci\u00f3n del poder transformador del arte.<\/p>\n<p><em>Bailarines de Kon Moci\u00f3n Danza: Ion Barbarin, Txori Garc\u00eda Uriz, Mari\u00e9 Gonz\u00e1lez, Nekane Itoiz, Samuel Quel, Montse Zabalza.<\/em><\/p>\n<p>LAS CITAS:<\/p>\n<p><strong>Tempus in Templo &#8211; S\u00e1bado 4 de septiembre &#8211; 21:00 horas<\/strong> Ruinas de la Iglesia de San Pedro, Viana (Navarra). Kon Moci\u00f3n Danza y\u00a0Capilla renacentista \u00abMichael Navarrus\u00bb<\/p>\n<p>M\u00fasica renacentista y Danza Contempor\u00e1nea.\u00a0(Obras de Palestrina, Morales, Byrd, Desprez, Tallis entre otros)<\/p>\n<p>Coreograf\u00eda: Becky Siegel &#8211;\u00a0Direcci\u00f3n musical: David Guindano Igarreta<\/p>\n<p>Entradas: 5\u20ac Ya a la venta en la web: <a href=\"https:\/\/es.patronbase.com\/_Viana\/Seats\/ChooseMyOwn?prod_id=2143&amp;perf_id=1&amp;section_id=M&amp;action=&amp;seat_type_id=SL\">https:\/\/es.patronbase.com\/_Viana\/Seats\/ChooseMyOwn?prod_id=2143&amp;perf_id=1&amp;section_id=M&amp;action=&amp;seat_type_id=SL<\/a><\/p>\n<\/div>\n<\/div>\n<\/div>\n<\/div>\n<p><strong>Tempus in Templo &#8211; Domingo 5 de septiembre &#8211; 20:45 horas<\/strong>\u00a0Plaza de la Catedral de Pamplona. Kon Moci\u00f3n Danza y\u00a0Capilla renacentista \u00abMichael Navarrus\u00bb<\/p>\n<p>M\u00fasica renacentista y Danza Contempor\u00e1nea.\u00a0(Obras de Palestrina, Morales, Byrd, Desprez, Tallis entre otros)<\/p>\n<p>Coreograf\u00eda: Becky Siegel &#8211;\u00a0Direcci\u00f3n musical: David Guindano Igarreta<\/p>\n<p>Entradas: Libre previa retirada de invitaci\u00f3n hasta completar aforo. Las entradas se despachar\u00e1n en la verja de la Catedral a las 19:00h. El acceso del p\u00fablico no ser\u00e1 hasta las 20:30h una vez se haya cerrado al culto la Catedral y se hayan colocado las sillas para el p\u00fablico. Se recomienda que el p\u00fablico no espere en los aleda\u00f1os.<\/p>\n<\/div>\n<p>Programa de mano.<\/p>\n<div class=\"layoutArea\">\n<p><em style=\"font-size: inherit;\">Viernes 27 de agosto de 2021<\/em><\/p>\n<\/div>\n<\/div>\n\n\n<div class=\"wp-block-group is-layout-flow\"><div class=\"wp-block-group__inner-container\"><\/div><\/div>\n","protected":false},"excerpt":{"rendered":"<p>\u00a0 La Temporada Encantando vuelve con doble parada en Viana y Pamplona. La Capilla Renacentista \u00abMichael Navarrus\u00bb junto a Kon Moci\u00f3n Danza ofrecer\u00e1n el espect\u00e1culo \u00abTempus in Templo\u00bb los d\u00edas 4 y 5 de septiembre.<\/p>\n","protected":false},"author":3,"featured_media":3048,"comment_status":"open","ping_status":"open","sticky":false,"template":"","format":"standard","meta":[],"categories":[44],"tags":[],"_links":{"self":[{"href":"http:\/\/coraldecamaradenavarra.com\/index.php?rest_route=\/wp\/v2\/posts\/3046"}],"collection":[{"href":"http:\/\/coraldecamaradenavarra.com\/index.php?rest_route=\/wp\/v2\/posts"}],"about":[{"href":"http:\/\/coraldecamaradenavarra.com\/index.php?rest_route=\/wp\/v2\/types\/post"}],"author":[{"embeddable":true,"href":"http:\/\/coraldecamaradenavarra.com\/index.php?rest_route=\/wp\/v2\/users\/3"}],"replies":[{"embeddable":true,"href":"http:\/\/coraldecamaradenavarra.com\/index.php?rest_route=%2Fwp%2Fv2%2Fcomments&post=3046"}],"version-history":[{"count":5,"href":"http:\/\/coraldecamaradenavarra.com\/index.php?rest_route=\/wp\/v2\/posts\/3046\/revisions"}],"predecessor-version":[{"id":3056,"href":"http:\/\/coraldecamaradenavarra.com\/index.php?rest_route=\/wp\/v2\/posts\/3046\/revisions\/3056"}],"wp:featuredmedia":[{"embeddable":true,"href":"http:\/\/coraldecamaradenavarra.com\/index.php?rest_route=\/wp\/v2\/media\/3048"}],"wp:attachment":[{"href":"http:\/\/coraldecamaradenavarra.com\/index.php?rest_route=%2Fwp%2Fv2%2Fmedia&parent=3046"}],"wp:term":[{"taxonomy":"category","embeddable":true,"href":"http:\/\/coraldecamaradenavarra.com\/index.php?rest_route=%2Fwp%2Fv2%2Fcategories&post=3046"},{"taxonomy":"post_tag","embeddable":true,"href":"http:\/\/coraldecamaradenavarra.com\/index.php?rest_route=%2Fwp%2Fv2%2Ftags&post=3046"}],"curies":[{"name":"wp","href":"https:\/\/api.w.org\/{rel}","templated":true}]}}