{"id":3035,"date":"2021-06-23T12:11:00","date_gmt":"2021-06-23T12:11:00","guid":{"rendered":"http:\/\/coraldecamaradenavarra.com\/?p=3035"},"modified":"2021-06-24T12:12:27","modified_gmt":"2021-06-24T12:12:27","slug":"navarra-tv-estrena-in-tempore-doloris","status":"publish","type":"post","link":"http:\/\/coraldecamaradenavarra.com\/?p=3035&lang=es","title":{"rendered":"NAVARRA TV ESTRENA \u00abIN TEMPORE DOLORIS\u00bb"},"content":{"rendered":"<p>\u00a0<\/p>\n<p>El concierto protagonizado por nuestra Capilla renacentista \u00abMichael Navarrus\u00bb fue grabado, a puerta cerrada, en la Capilla Santa Mar\u00eda de la Salud del Complejo Hospitalario de Navarra en homenaje a las personas y colectivos que han sufrido y siguen sufriendo durante esta pandemia. .<\/p>\n<p><!--more--><\/p>\n<p>Tras la celebraci\u00f3n, el lunes 21 de junio, del D\u00eda Europeo de la M\u00fasica, Navarra Televisi\u00f3n emitir\u00e1 este s\u00e1bado 26 a las 22:00 horas y el domingo 27 a las 09:30 horas, el concierto In tempore doloris. Se trata de un concierto protagonizado por la Capilla Renacentista &#8216;Michael Navarrus&#8217; de la Coral de C\u00e1mara de Navarra y que fue grabado como homenaje a todas aquellas personas que est\u00e1n trabajando por el bienestar de sus conciudadanos y a quienes m\u00e1s han sufrido la pandemia.<\/p>\n<p>In tempore doloris se grab\u00f3 en la Capilla de Santa Mar\u00eda de la Salud del Complejo Hospitalario de Navarra y est\u00e1 integrado por obras de compositores del primer y segundo barroco italianos como Claudio Monteverdi y Giovanni Felice Sances. Adem\u00e1s incluye una obra de la compositora barroca Isabella Leonarda.<\/p>\n<p>Bajo la direcci\u00f3n de David Guindano, In tempore doloris cuenta con un gran elenco en el que destacan las mezzosoparnos Nerea Berraondo y Beatriz Aguirre, Javier Navarcu\u00e9s al violoncello, Jes\u00fas Fern\u00e1ndez con la tiorba y Eloy Orz\u00e1iz al \u00f3rgano.<\/p>\n<p>El concierto, una producci\u00f3n de Tripulante Produce, se grab\u00f3 a puerta cerrada el pasado mes de septiembre y destaca, adem\u00e1s de por su programa e int\u00e9rpretes, por su enclave, una Capilla situada en uno de los centros neur\u00e1lgicos de la batalla contra la COVID19.<\/p>\n<p>El concierto se emitir\u00e1 en Navarra Televisi\u00f3n este s\u00e1bado 26 de junio a las 22:00 horas y el domingo 27 a las 09:30 horas y podr\u00e1 seguirse tambi\u00e9n a trav\u00e9s de la web www.navarratelevision.es<\/p>\n<p class=\"western\" align=\"justify\"><em>Mi\u00e9rcoles 23 de junio de 2021<\/em><\/p>\n\n\n<div class=\"wp-block-group is-layout-flow\"><div class=\"wp-block-group__inner-container\"><\/div><\/div>\n","protected":false},"excerpt":{"rendered":"<p>\u00a0 El concierto protagonizado por nuestra Capilla renacentista \u00abMichael Navarrus\u00bb fue grabado, a puerta cerrada, en la Capilla Santa Mar\u00eda de la Salud del Complejo Hospitalario de Navarra en homenaje a las personas y colectivos que han sufrido y siguen sufriendo durante esta pandemia. .<\/p>\n","protected":false},"author":3,"featured_media":3031,"comment_status":"open","ping_status":"open","sticky":false,"template":"","format":"standard","meta":[],"categories":[44],"tags":[],"_links":{"self":[{"href":"http:\/\/coraldecamaradenavarra.com\/index.php?rest_route=\/wp\/v2\/posts\/3035"}],"collection":[{"href":"http:\/\/coraldecamaradenavarra.com\/index.php?rest_route=\/wp\/v2\/posts"}],"about":[{"href":"http:\/\/coraldecamaradenavarra.com\/index.php?rest_route=\/wp\/v2\/types\/post"}],"author":[{"embeddable":true,"href":"http:\/\/coraldecamaradenavarra.com\/index.php?rest_route=\/wp\/v2\/users\/3"}],"replies":[{"embeddable":true,"href":"http:\/\/coraldecamaradenavarra.com\/index.php?rest_route=%2Fwp%2Fv2%2Fcomments&post=3035"}],"version-history":[{"count":1,"href":"http:\/\/coraldecamaradenavarra.com\/index.php?rest_route=\/wp\/v2\/posts\/3035\/revisions"}],"predecessor-version":[{"id":3036,"href":"http:\/\/coraldecamaradenavarra.com\/index.php?rest_route=\/wp\/v2\/posts\/3035\/revisions\/3036"}],"wp:featuredmedia":[{"embeddable":true,"href":"http:\/\/coraldecamaradenavarra.com\/index.php?rest_route=\/wp\/v2\/media\/3031"}],"wp:attachment":[{"href":"http:\/\/coraldecamaradenavarra.com\/index.php?rest_route=%2Fwp%2Fv2%2Fmedia&parent=3035"}],"wp:term":[{"taxonomy":"category","embeddable":true,"href":"http:\/\/coraldecamaradenavarra.com\/index.php?rest_route=%2Fwp%2Fv2%2Fcategories&post=3035"},{"taxonomy":"post_tag","embeddable":true,"href":"http:\/\/coraldecamaradenavarra.com\/index.php?rest_route=%2Fwp%2Fv2%2Ftags&post=3035"}],"curies":[{"name":"wp","href":"https:\/\/api.w.org\/{rel}","templated":true}]}}