{"id":3017,"date":"2021-05-27T08:15:10","date_gmt":"2021-05-27T08:15:10","guid":{"rendered":"http:\/\/coraldecamaradenavarra.com\/?p=3017"},"modified":"2021-05-27T08:15:13","modified_gmt":"2021-05-27T08:15:13","slug":"la-crmn-actuara-en-puente-la-reina-gares","status":"publish","type":"post","link":"http:\/\/coraldecamaradenavarra.com\/?p=3017&lang=es","title":{"rendered":"LA CRMN ACTUAR\u00c1 EN PUENTE LA REINA-GARES"},"content":{"rendered":"<p>\u00a0<\/p>\n<p>Encantando On Tour har\u00e1 parada en Puente la Reina &#8211; Gares. La Capilla Renacentista \u00abMichael Navarrus\u00bb ofrecer\u00e1 un concierto monogr\u00e1fico de la obra de Francisco de Pe\u00f1alosa en la Iglesia del Crucifijo el 6 de junio.<\/p>\n<p><!--more--><\/p>\n<div class=\"page\" title=\"Page 1\">\n<div class=\"layoutArea\">\n<div class=\"column\">\n<p>El pr\u00f3ximo domingo 6 de junio\u00a0la Capilla renacentista \u00abMichael Navarrus\u00bb (CRMN) actuar\u00e1 en la Ia Iglesia del Crucifijo (PP Reparadores) de Puente la Reina &#8211; Gares dentro del programa Encantando On Tour \u00a0de la temporada Encantando 2020\/2021. Bajo la direcci\u00f3n de David Guindano Igarreta la CRMN protagonizar\u00e1 un concierto dedicado \u00edntegramente a la m\u00fasica Francisco de Pe\u00f1alosa (ca 1470-1528).<\/p>\n<\/div>\n<p>El programa est\u00e1 coherentemente articulado en dos partes, la primera de ellas contar\u00e1 con una muestra de motetes marianos y la segunda en motetes cuaresmales y para el tr\u00edduo sacro.<\/p>\n<p>El cuadro en el que se basa el cartel anunciador es <a href=\"https:\/\/es.wikipedia.org\/wiki\/La_Piedad_del_can\u00f3nigo_Despl\u00e1\"><b>La Piedad del can\u00f3nigo Despl\u00e1<\/b><\/a> (1490) de Bartolom\u00e9 Bermejo conservada en el Museo Catedralicio de Barcelona.<\/p>\n<\/div>\n<div class=\"layoutArea\">\n<div class=\"page\" title=\"Page 2\">\n<div class=\"layoutArea\">\n<div class=\"column\">\n<p><em style=\"font-size: inherit;\">Mi\u00e9rcoles 26 de mayo de 2021<\/em><\/p>\n<\/div>\n<\/div>\n<\/div>\n<\/div>\n<\/div>\n\n\n<div class=\"wp-block-group is-layout-flow\"><div class=\"wp-block-group__inner-container\"><\/div><\/div>\n","protected":false},"excerpt":{"rendered":"<p>\u00a0 Encantando On Tour har\u00e1 parada en Puente la Reina &#8211; Gares. La Capilla Renacentista \u00abMichael Navarrus\u00bb ofrecer\u00e1 un concierto monogr\u00e1fico de la obra de Francisco de Pe\u00f1alosa en la Iglesia del Crucifijo el 6 de junio.<\/p>\n","protected":false},"author":3,"featured_media":3018,"comment_status":"open","ping_status":"open","sticky":false,"template":"","format":"standard","meta":[],"categories":[44],"tags":[],"_links":{"self":[{"href":"http:\/\/coraldecamaradenavarra.com\/index.php?rest_route=\/wp\/v2\/posts\/3017"}],"collection":[{"href":"http:\/\/coraldecamaradenavarra.com\/index.php?rest_route=\/wp\/v2\/posts"}],"about":[{"href":"http:\/\/coraldecamaradenavarra.com\/index.php?rest_route=\/wp\/v2\/types\/post"}],"author":[{"embeddable":true,"href":"http:\/\/coraldecamaradenavarra.com\/index.php?rest_route=\/wp\/v2\/users\/3"}],"replies":[{"embeddable":true,"href":"http:\/\/coraldecamaradenavarra.com\/index.php?rest_route=%2Fwp%2Fv2%2Fcomments&post=3017"}],"version-history":[{"count":1,"href":"http:\/\/coraldecamaradenavarra.com\/index.php?rest_route=\/wp\/v2\/posts\/3017\/revisions"}],"predecessor-version":[{"id":3019,"href":"http:\/\/coraldecamaradenavarra.com\/index.php?rest_route=\/wp\/v2\/posts\/3017\/revisions\/3019"}],"wp:featuredmedia":[{"embeddable":true,"href":"http:\/\/coraldecamaradenavarra.com\/index.php?rest_route=\/wp\/v2\/media\/3018"}],"wp:attachment":[{"href":"http:\/\/coraldecamaradenavarra.com\/index.php?rest_route=%2Fwp%2Fv2%2Fmedia&parent=3017"}],"wp:term":[{"taxonomy":"category","embeddable":true,"href":"http:\/\/coraldecamaradenavarra.com\/index.php?rest_route=%2Fwp%2Fv2%2Fcategories&post=3017"},{"taxonomy":"post_tag","embeddable":true,"href":"http:\/\/coraldecamaradenavarra.com\/index.php?rest_route=%2Fwp%2Fv2%2Ftags&post=3017"}],"curies":[{"name":"wp","href":"https:\/\/api.w.org\/{rel}","templated":true}]}}