{"id":3013,"date":"2021-05-11T11:17:07","date_gmt":"2021-05-11T11:17:07","guid":{"rendered":"http:\/\/coraldecamaradenavarra.com\/?p=3013"},"modified":"2021-05-27T14:26:55","modified_gmt":"2021-05-27T14:26:55","slug":"jazzy-leap-cerrara-pamplona-negra-2","status":"publish","type":"post","link":"http:\/\/coraldecamaradenavarra.com\/?p=3013&lang=es","title":{"rendered":"JAZZY LEAP CERRAR\u00c1 PAMPLONA NEGRA"},"content":{"rendered":"<h1>JAZZY LEAP CERRAR\u00c1 PAMPLONA NEGRA<\/h1>\n<p><b>La Temporada Encantando Denboraldia 20\/21 hace parada como colof\u00f3n final del Festival de literatura negra\u00a0<\/b><span style=\"font-weight: 600;\">referente<\/span><b>\u00a0a nivel nacional. Jazzy Leap, dialogar\u00e1 una vez m\u00e1s con el g\u00e9nero literario m\u00e1s Noir. El concierto \u00abLive and Let Die\u00bb tendr\u00e1 lugar en la Sala de C\u00e1mara de Baluarte el pr\u00f3ximo 29 de mayo dentro de la Temporada Encantando Denboraldia 2021 en colaboraci\u00f3n con el festival Pamplona Negra.<\/b><\/p>\n<p><!--more--><\/p>\n<p><a class=\"single_photoswipe\" href=\"http:\/\/coraldecamaradenavarra.com\/wp-content\/uploads\/2021\/05\/Captura-de-pantalla-2021-05-11-a-las-12.54.28.png\" data-size=\"518x896\"><img decoding=\"async\" loading=\"lazy\" class=\"wp-image-3011 alignright\" src=\"http:\/\/coraldecamaradenavarra.com\/wp-content\/uploads\/2021\/05\/Captura-de-pantalla-2021-05-11-a-las-12.54.28-173x300.png\" alt=\"\" width=\"196\" height=\"339\" srcset=\"http:\/\/coraldecamaradenavarra.com\/wp-content\/uploads\/2021\/05\/Captura-de-pantalla-2021-05-11-a-las-12.54.28-173x300.png 173w, http:\/\/coraldecamaradenavarra.com\/wp-content\/uploads\/2021\/05\/Captura-de-pantalla-2021-05-11-a-las-12.54.28.png 518w\" sizes=\"(max-width: 196px) 100vw, 196px\" \/><\/a><\/p>\n<p>Hoy se presentaba la nueva edici\u00f3n de Festival <a class=\"profileLink\" href=\"https:\/\/www.facebook.com\/pamplonanegra\/?__tn__=K-R&amp;eid=ARC8e8z2bR9HCcmbl7sYRjh09z0LbljBZKEd_hIVkWmViRXeOxcSkwybvZcKiCg98Bj0zbmvJ4IHce4w&amp;fref=mentions&amp;__xts__%5B0%5D=68.ARAY8o2hs82Wzjl-1cQI6e_trnwBFAY_AkYRcLIO0_GYIRaLa2GFjWQZqh8aPRSEeZC_tM73EWvqb8tX701YxrJmAw4TiRlPjs638CeFQYXLR704gwn6_TGfu_TQcH7jXg3TRgMsNzN7prPYIb9GaQEdnQQYag_iJrF1NM36ce307B60A5f6i_UIKCrTYasCAFUikjK6rcrV4wmUpUIouP8GCkfGGmm-UtUB6JfqgnM9xfIgsIpSTzSoLZ0RZntQISbTPSZWw79pubkOdGlN0UVNeIdCDi0ZpuXsV6YdlUn1N3HN0ocPa1dgSTZw3sriaBK42aotAwhx84QMpQgA3vd9ZA\" data-hovercard=\"\/ajax\/hovercard\/page.php?id=753020218067028&amp;extragetparams=%7B%22__tn__%22%3A%22%2CdK-R-R%22%2C%22eid%22%3A%22ARC8e8z2bR9HCcmbl7sYRjh09z0LbljBZKEd_hIVkWmViRXeOxcSkwybvZcKiCg98Bj0zbmvJ4IHce4w%22%2C%22fref%22%3A%22mentions%22%7D\" data-hovercard-prefer-more-content-show=\"1\">Pamplona Negra<\/a> tendr\u00e1 este s\u00e1bado 29 de mayo (20:00 h.) en <a class=\"profileLink\" href=\"https:\/\/www.facebook.com\/BaluartePamplona\/?__tn__=K-R&amp;eid=ARCY8u3dZUy1soD31qtYzN9Cnhqn3KNGZIQGN-ZnOGSKQR7ybE7Lu9ZENqXrkBaG1f67LwrlQASxdvyA&amp;fref=mentions&amp;__xts__%5B0%5D=68.ARAY8o2hs82Wzjl-1cQI6e_trnwBFAY_AkYRcLIO0_GYIRaLa2GFjWQZqh8aPRSEeZC_tM73EWvqb8tX701YxrJmAw4TiRlPjs638CeFQYXLR704gwn6_TGfu_TQcH7jXg3TRgMsNzN7prPYIb9GaQEdnQQYag_iJrF1NM36ce307B60A5f6i_UIKCrTYasCAFUikjK6rcrV4wmUpUIouP8GCkfGGmm-UtUB6JfqgnM9xfIgsIpSTzSoLZ0RZntQISbTPSZWw79pubkOdGlN0UVNeIdCDi0ZpuXsV6YdlUn1N3HN0ocPa1dgSTZw3sriaBK42aotAwhx84QMpQgA3vd9ZA\" data-hovercard=\"\/ajax\/hovercard\/page.php?id=252486394835127&amp;extragetparams=%7B%22__tn__%22%3A%22%2CdK-R-R%22%2C%22eid%22%3A%22ARCY8u3dZUy1soD31qtYzN9Cnhqn3KNGZIQGN-ZnOGSKQR7ybE7Lu9ZENqXrkBaG1f67LwrlQASxdvyA%22%2C%22fref%22%3A%22mentions%22%7D\" data-hovercard-prefer-more-content-show=\"1\">Baluarte<\/a> una clausura muy especial a cargo de Jazzy Leap. Nuestra secci\u00f3n de jazz recala en el Festival de novela negra dentro de la Temporada Encantando 20\/21, con un concierto titulado \u00abLive and Let Die\u00bb.<\/p>\n<p>Dando continuidad a la colaboraci\u00f3n de la pasada edici\u00f3n de Pamplona Negra, Jazzy Leap y Jazzy Leap Band vuelven a poner el broche final a la edici\u00f3n 2021 a trav\u00e9s de los temas m\u00e1s oscuros de los legendarios grupos brit\u00e1nicos Queen y The Beatles; a\u00f1adiendo tambi\u00e9n a su repertorio arreglos con un toque jazz\u00edstico (realizados por su director Andoni Arcilla) de m\u00edticas canciones del esp\u00eda m\u00e1s m\u00e1s conocido de todos los tiempos: James Bond.<\/p>\n<p>Las entradas para la despedida musical de Pamplona Negra 2021 cuestan 10\u20ac y se pueden en <a href=\"http:\/\/www.baluarte.com\/?fbclid=IwAR1qRezNgCqvu3-AOihLmEZG1xi4EnbRiZsE0_vGfnBD-ZVK74YwnuZqTv0\" target=\"_blank\" rel=\"noopener nofollow noreferrer\" data-ft=\"{&quot;tn&quot;:&quot;-U&quot;}\" data-lynx-mode=\"async\" data-lynx-uri=\"https:\/\/l.facebook.com\/l.php?u=http%3A%2F%2Fwww.baluarte.com%2F%3Ffbclid%3DIwAR1qRezNgCqvu3-AOihLmEZG1xi4EnbRiZsE0_vGfnBD-ZVK74YwnuZqTv0&amp;h=AT1vVwbOGG9rpdH4GD4ihZ8xiwXXnp8MUxF5rFQ1ZfPBRMqSrLuJX8d4dSL6UEqg40JoMI6c5nsaFAf512HnRO2dqXNMQZn7Q4IhBdvOry8s3R0JOk1_a-JyojeF-UVP2CAdVLRFa4-dIj32_jkz5OflHYdjpPYXSqzgRwAy578cJ-MhsyehU06Mlpjlwcqd-5T0IFR1ZOESZYb5EJXax3__dge8mq_chElKkLhrdPUi_8cXY_0Co2vHJDjctNLQn_Yu11yfCwD7aUN34hYifDe3SHqBhoRE9xyOFc-w5k6G2r8la207TjzQvutofkKMqLDwwWUSPzx-bj_50GRsji2egt3wDM3_SDCWgXTD26yMdW3aKRekKiBiXfH5Ct7iC3wqEbBq9fpiAgHnHF4_0WaUO2EXOzZrX97KYhg3iuXt3aeqj7HDQ1eeIQ9zAnSxBCvPN-gYGEABjjZ6KzAwagFhFIeBbOkN9h63Vuz2fWGUEO4rxewVtmX5Kgsifs2ANm4-QDtJlC1akxin4gumE2SMN5pWqWlD2mEjPrzafks8j19q05M01jKP6GdSapaJONmqUSTJgej3lftpD2_M004kWP1kDFrc0C2Er4zxJ7SjHbR-iPY9FXoqIA\">www.baluarte.com<\/a>, en la web del Festival y en la taquilla del auditorio.<\/p>\n<p>En esta ocasi\u00f3n Jazzy Leap estar\u00e1 acompa\u00f1ada por Jazzy Leap Band formada por:<\/p>\n<p>Alberto Arteta, Saxof\u00f3n<br \/>\n\u00d3scar Mu\u00f1oz, Bajo el\u00e9ctrico<\/p>\n<p>Luis Guti\u00e9rrez, Guitarra<\/p>\n<p>Juanma Urriza, Bater\u00eda<br \/>\nAndoni Arcilla, teclados, arreglos, voz y direcci\u00f3n.<\/p>\n<p><b>DATOS IMPORTANTES: <\/b><\/p>\n<p><b>Live And Let Die<br \/>\n<\/b><\/p>\n<p>&#8211; TEMPORADA ENCANTANDO DENBORALDIA 20-21<\/p>\n<p>Cu\u00e1ndo: S\u00e1bado 29 de mayo<br \/>\n<span style=\"font-size: inherit;\">D\u00f3nde: Sala de C\u00e1mara de Baluarte<br \/>\n<\/span><span style=\"font-size: inherit;\">Ciudad: Pamplona-Iru\u00f1a<br \/>\n<\/span><span style=\"font-size: inherit;\">Hora: 20:00horas.<br \/>\n<\/span><span style=\"font-size: inherit;\">Entrada: 10 euros<\/span><\/p>\n<p>Foto I. Cartel oficial del concierto realizado por Luis Miguel Torres.<\/p>\n<p><i><i><i><b><b><i>\u00a0 11 de mayo de 2021<\/i><\/b><\/b><\/i><\/i><\/i><\/p>\n","protected":false},"excerpt":{"rendered":"<p>JAZZY LEAP CERRAR\u00c1 PAMPLONA NEGRA La Temporada Encantando Denboraldia 20\/21 hace parada como colof\u00f3n final del Festival de literatura negra\u00a0referente\u00a0a nivel nacional. Jazzy Leap, dialogar\u00e1 una vez m\u00e1s con el g\u00e9nero literario m\u00e1s Noir. El concierto \u00abLive and Let Die\u00bb tendr\u00e1 lugar en la Sala de C\u00e1mara de Baluarte el pr\u00f3ximo 29 de mayo dentro de la Temporada Encantando Denboraldia<\/p>\n","protected":false},"author":3,"featured_media":0,"comment_status":"open","ping_status":"open","sticky":false,"template":"","format":"standard","meta":[],"categories":[40,44,171],"tags":[],"_links":{"self":[{"href":"http:\/\/coraldecamaradenavarra.com\/index.php?rest_route=\/wp\/v2\/posts\/3013"}],"collection":[{"href":"http:\/\/coraldecamaradenavarra.com\/index.php?rest_route=\/wp\/v2\/posts"}],"about":[{"href":"http:\/\/coraldecamaradenavarra.com\/index.php?rest_route=\/wp\/v2\/types\/post"}],"author":[{"embeddable":true,"href":"http:\/\/coraldecamaradenavarra.com\/index.php?rest_route=\/wp\/v2\/users\/3"}],"replies":[{"embeddable":true,"href":"http:\/\/coraldecamaradenavarra.com\/index.php?rest_route=%2Fwp%2Fv2%2Fcomments&post=3013"}],"version-history":[{"count":5,"href":"http:\/\/coraldecamaradenavarra.com\/index.php?rest_route=\/wp\/v2\/posts\/3013\/revisions"}],"predecessor-version":[{"id":3024,"href":"http:\/\/coraldecamaradenavarra.com\/index.php?rest_route=\/wp\/v2\/posts\/3013\/revisions\/3024"}],"wp:attachment":[{"href":"http:\/\/coraldecamaradenavarra.com\/index.php?rest_route=%2Fwp%2Fv2%2Fmedia&parent=3013"}],"wp:term":[{"taxonomy":"category","embeddable":true,"href":"http:\/\/coraldecamaradenavarra.com\/index.php?rest_route=%2Fwp%2Fv2%2Fcategories&post=3013"},{"taxonomy":"post_tag","embeddable":true,"href":"http:\/\/coraldecamaradenavarra.com\/index.php?rest_route=%2Fwp%2Fv2%2Ftags&post=3013"}],"curies":[{"name":"wp","href":"https:\/\/api.w.org\/{rel}","templated":true}]}}