{"id":3003,"date":"2021-03-21T15:48:01","date_gmt":"2021-03-21T15:48:01","guid":{"rendered":"http:\/\/coraldecamaradenavarra.com\/?p=3003"},"modified":"2021-03-21T15:50:25","modified_gmt":"2021-03-21T15:50:25","slug":"feliz-dia-europeo-de-la-musica-antigua","status":"publish","type":"post","link":"http:\/\/coraldecamaradenavarra.com\/?p=3003&lang=es","title":{"rendered":"FELIZ D\u00cdA EUROPEO DE LA M\u00daSICA ANTIGUA"},"content":{"rendered":"<p>\u00a0<\/p>\n<p>La Capilla Renacentista \u00abMichael Navarrus\u00bb os desea un Feliz D\u00eda Europeo de la M\u00fasica Antigua.<\/p>\n<p><!--more--><\/p>\n<div class=\"page\" title=\"Page 1\">\n<div class=\"layoutArea\">\n<div class=\"column\">\n<iframe  id=\"_ytid_38353\" width=\"970\" height=\"546\"  data-origwidth=\"970\" data-origheight=\"546\"  src=\"https:\/\/www.youtube.com\/embed\/2EqUkvkgByU?enablejsapi=1&autoplay=0&cc_load_policy=0&iv_load_policy=1&loop=0&modestbranding=1&rel=1&fs=1&playsinline=0&autohide=2&theme=dark&color=red&controls=1&\" class=\"__youtube_prefs__\" title=\"YouTube player\"  allow=\"autoplay; encrypted-media\" allowfullscreen data-no-lazy=\"1\" data-skipgform_ajax_framebjll=\"\"><\/iframe>\n<p>Desde el pasado 2013, a\u00f1o en el que se empez\u00f3 a conmemorar el D\u00eda Europeo de la M\u00fasica Antigua, desde la Capilla renacentista Michael Navarrus hemos celebrado diversas actividades con el fin de acercar y divulgar la M\u00fasica Antigua en nuestra comunidad. Conciertos, conferencias, exposiciones, acciones formativas y pedag\u00f3gicas&#8230; este a\u00f1o lo celebraremos ensayando para nuestro concierto de M\u00fasica Antigua que tendr\u00e1 lugar el pr\u00f3ximo d\u00eda 31 de marzo en el marco del Festival de M\u00fasica Sacra organizada por el Ayuntamiento de Pamplona &#8211; Iru\u00f1eko Udala<span style=\"font-size: inherit;\">.<\/span><\/p>\n<p>\u00a1Feliz D\u00eda Europeo de la M\u00fasica Antigua! Happy European Early Music Day!<\/p>\n<\/div>\n<\/div>\n<div class=\"layoutArea\">\n<div class=\"page\" title=\"Page 2\">\n<div class=\"layoutArea\">\n<div class=\"column\">\n<p><em style=\"font-size: inherit;\">Domingo 21 de marzo de 2021<\/em><\/p>\n<\/div>\n<\/div>\n<\/div>\n<\/div>\n<\/div>\n\n\n<div class=\"wp-block-group is-layout-flow\"><div class=\"wp-block-group__inner-container\"><\/div><\/div>\n","protected":false},"excerpt":{"rendered":"<p>\u00a0 La Capilla Renacentista \u00abMichael Navarrus\u00bb os desea un Feliz D\u00eda Europeo de la M\u00fasica Antigua.<\/p>\n","protected":false},"author":3,"featured_media":3005,"comment_status":"open","ping_status":"open","sticky":false,"template":"","format":"standard","meta":[],"categories":[44],"tags":[],"_links":{"self":[{"href":"http:\/\/coraldecamaradenavarra.com\/index.php?rest_route=\/wp\/v2\/posts\/3003"}],"collection":[{"href":"http:\/\/coraldecamaradenavarra.com\/index.php?rest_route=\/wp\/v2\/posts"}],"about":[{"href":"http:\/\/coraldecamaradenavarra.com\/index.php?rest_route=\/wp\/v2\/types\/post"}],"author":[{"embeddable":true,"href":"http:\/\/coraldecamaradenavarra.com\/index.php?rest_route=\/wp\/v2\/users\/3"}],"replies":[{"embeddable":true,"href":"http:\/\/coraldecamaradenavarra.com\/index.php?rest_route=%2Fwp%2Fv2%2Fcomments&post=3003"}],"version-history":[{"count":1,"href":"http:\/\/coraldecamaradenavarra.com\/index.php?rest_route=\/wp\/v2\/posts\/3003\/revisions"}],"predecessor-version":[{"id":3004,"href":"http:\/\/coraldecamaradenavarra.com\/index.php?rest_route=\/wp\/v2\/posts\/3003\/revisions\/3004"}],"wp:featuredmedia":[{"embeddable":true,"href":"http:\/\/coraldecamaradenavarra.com\/index.php?rest_route=\/wp\/v2\/media\/3005"}],"wp:attachment":[{"href":"http:\/\/coraldecamaradenavarra.com\/index.php?rest_route=%2Fwp%2Fv2%2Fmedia&parent=3003"}],"wp:term":[{"taxonomy":"category","embeddable":true,"href":"http:\/\/coraldecamaradenavarra.com\/index.php?rest_route=%2Fwp%2Fv2%2Fcategories&post=3003"},{"taxonomy":"post_tag","embeddable":true,"href":"http:\/\/coraldecamaradenavarra.com\/index.php?rest_route=%2Fwp%2Fv2%2Ftags&post=3003"}],"curies":[{"name":"wp","href":"https:\/\/api.w.org\/{rel}","templated":true}]}}