{"id":2993,"date":"2021-03-19T15:18:00","date_gmt":"2021-03-19T15:18:00","guid":{"rendered":"http:\/\/coraldecamaradenavarra.com\/?p=2993"},"modified":"2021-03-21T15:51:00","modified_gmt":"2021-03-21T15:51:00","slug":"la-crmn-actuara-en-el-festival-de-musica-sacra-de-pamplona","status":"publish","type":"post","link":"http:\/\/coraldecamaradenavarra.com\/?p=2993&lang=es","title":{"rendered":"LA CRMN ACTUAR\u00c1 EN EL FESTIVAL DE M\u00daSICA SACRA DE PAMPLONA"},"content":{"rendered":"<p><\/p>\n<p>La Capilla Renacentista \u00abMichael Navarrus\u00bb estar\u00e1 presente un a\u00f1o mas en el Festival de M\u00fasica Sacra organizado por el Ayuntamiento de Pamplona. En esta ocasi\u00f3n el concierto ser\u00e1 un monogr\u00e1fico de la obra De Francisco de Pe\u00f1alosa.<\/p>\n<p><!--more--><\/p>\n<div class=\"page\" title=\"Page 1\">\n<div class=\"layoutArea\">\n<div class=\"column\">\n<p>El pr\u00f3ximo mi\u00e9rcoles 31 de marzo la Capilla renacentista \u00abMichael Navarrus\u00bb (CRMN) actuar\u00e1 en la Ia Iglesia de Santo Domingo (PP Dominicos) de Pamplona dentro del Festival de M\u00fasica Sacra organizado por el Ayuntamiento de Pamplona-Iru\u00f1eko Udala. &nbsp;Bajo la direcci\u00f3n de David Guindano Igarreta la CRMN protagonizar\u00e1 un concierto dedicado \u00edntegramente a la m\u00fasica Francisco de Pe\u00f1alosa (ca 1470-1528).<\/p>\n<\/div>\n<p>El programa est\u00e1 coherentemente articulado en dos partes, la primera de ellas contar\u00e1 con una muestra de motetes marianos y la segunda en motetes cuaresmales y para el tr\u00edduo sacro.<\/p>\n<p>Puedes descargarte el programa completo del festival <a href=\"http:\/\/coraldecamaradenavarra.com\/wp-content\/uploads\/2021\/03\/\u2022Programa-GENERAL-2021.cleaned.pdf\">pinchando aqu\u00ed<\/a>.<\/p>\n<\/div>\n<div class=\"layoutArea\">\n<div class=\"page\" title=\"Page 2\">\n<div class=\"layoutArea\">\n<div class=\"column\">\n<p><em style=\"font-size: inherit;\">Viernes 19 de marzo de 2021<\/em><\/p>\n<\/div>\n<\/div>\n<\/div>\n<\/div>\n<\/div>\n\n\n<div class=\"wp-block-group is-layout-flow\"><div class=\"wp-block-group__inner-container\"><\/div><\/div>\n","protected":false},"excerpt":{"rendered":"<p>La Capilla Renacentista \u00abMichael Navarrus\u00bb estar\u00e1 presente un a\u00f1o mas en el Festival de M\u00fasica Sacra organizado por el Ayuntamiento de Pamplona. En esta ocasi\u00f3n el concierto ser\u00e1 un monogr\u00e1fico de la obra De Francisco de Pe\u00f1alosa.<\/p>\n","protected":false},"author":3,"featured_media":2994,"comment_status":"open","ping_status":"open","sticky":false,"template":"","format":"standard","meta":[],"categories":[44],"tags":[],"_links":{"self":[{"href":"http:\/\/coraldecamaradenavarra.com\/index.php?rest_route=\/wp\/v2\/posts\/2993"}],"collection":[{"href":"http:\/\/coraldecamaradenavarra.com\/index.php?rest_route=\/wp\/v2\/posts"}],"about":[{"href":"http:\/\/coraldecamaradenavarra.com\/index.php?rest_route=\/wp\/v2\/types\/post"}],"author":[{"embeddable":true,"href":"http:\/\/coraldecamaradenavarra.com\/index.php?rest_route=\/wp\/v2\/users\/3"}],"replies":[{"embeddable":true,"href":"http:\/\/coraldecamaradenavarra.com\/index.php?rest_route=%2Fwp%2Fv2%2Fcomments&post=2993"}],"version-history":[{"count":5,"href":"http:\/\/coraldecamaradenavarra.com\/index.php?rest_route=\/wp\/v2\/posts\/2993\/revisions"}],"predecessor-version":[{"id":3006,"href":"http:\/\/coraldecamaradenavarra.com\/index.php?rest_route=\/wp\/v2\/posts\/2993\/revisions\/3006"}],"wp:featuredmedia":[{"embeddable":true,"href":"http:\/\/coraldecamaradenavarra.com\/index.php?rest_route=\/wp\/v2\/media\/2994"}],"wp:attachment":[{"href":"http:\/\/coraldecamaradenavarra.com\/index.php?rest_route=%2Fwp%2Fv2%2Fmedia&parent=2993"}],"wp:term":[{"taxonomy":"category","embeddable":true,"href":"http:\/\/coraldecamaradenavarra.com\/index.php?rest_route=%2Fwp%2Fv2%2Fcategories&post=2993"},{"taxonomy":"post_tag","embeddable":true,"href":"http:\/\/coraldecamaradenavarra.com\/index.php?rest_route=%2Fwp%2Fv2%2Ftags&post=2993"}],"curies":[{"name":"wp","href":"https:\/\/api.w.org\/{rel}","templated":true}]}}