{"id":2778,"date":"2019-12-24T09:59:11","date_gmt":"2019-12-24T09:59:11","guid":{"rendered":"http:\/\/www.encantando.es\/?p=2778"},"modified":"2019-12-24T14:35:49","modified_gmt":"2019-12-24T14:35:49","slug":"feliz-navidad-zorionak-merry-christmas-2","status":"publish","type":"post","link":"http:\/\/coraldecamaradenavarra.com\/?p=2778&lang=es","title":{"rendered":"\u00a1FELIZ NAVIDAD! &#8211; EGUBERRI ON &#8211; MERRY CHRISTMAS!"},"content":{"rendered":"<p>\u00a1FELIZ NAVIDAD! &#8211; EGUBERRI ON! &#8211; MERRY CHRISTMAS!<\/p>\n<p><a class=\"single_photoswipe\" href=\"http:\/\/www.encantando.es\/wp-content\/uploads\/2019\/12\/1280px-Bernardo_Strozzi_-_Adoration_of_the_Shepherds_-_Google_Art_Project.jpg\" data-size=\"1280x897\"><img decoding=\"async\" loading=\"lazy\" class=\"alignnone size-medium wp-image-2779\" src=\"http:\/\/www.encantando.es\/wp-content\/uploads\/2019\/12\/1280px-Bernardo_Strozzi_-_Adoration_of_the_Shepherds_-_Google_Art_Project-300x210.jpg\" alt=\"1280px-Bernardo_Strozzi_-_Adoration_of_the_Shepherds_-_Google_Art_Project\" width=\"300\" height=\"210\" srcset=\"http:\/\/coraldecamaradenavarra.com\/wp-content\/uploads\/2019\/12\/1280px-Bernardo_Strozzi_-_Adoration_of_the_Shepherds_-_Google_Art_Project-300x210.jpg 300w, http:\/\/coraldecamaradenavarra.com\/wp-content\/uploads\/2019\/12\/1280px-Bernardo_Strozzi_-_Adoration_of_the_Shepherds_-_Google_Art_Project-1024x718.jpg 1024w, http:\/\/coraldecamaradenavarra.com\/wp-content\/uploads\/2019\/12\/1280px-Bernardo_Strozzi_-_Adoration_of_the_Shepherds_-_Google_Art_Project.jpg 1280w\" sizes=\"(max-width: 300px) 100vw, 300px\" \/><\/a><\/p>\n<p>La familia que formamos Coral de C\u00e1mara de Navarra os deseamos una feliz Navidad.<\/p>\n<p>Coral de C\u00e1mara de Navarra &#8211; Nafarroako Ganbera Abesbatza<\/p>\n<p>Martes, 24 de diciembre de 2019<\/p>\n<p>Imagen: La adoraci\u00f3n de los pastores 1615 (Barroco). Bernardo Strozzi. \u00d3leo sobre tela. Altura: 97 cm; Ancho: 139 cm. Museo Walters.<\/p>\n","protected":false},"excerpt":{"rendered":"<p>\u00a1FELIZ NAVIDAD! &#8211; EGUBERRI ON! &#8211; MERRY CHRISTMAS! La familia que formamos Coral de C\u00e1mara de Navarra os deseamos una feliz Navidad. Coral de C\u00e1mara de Navarra &#8211; Nafarroako Ganbera Abesbatza Martes, 24 de diciembre de 2019 Imagen: La adoraci\u00f3n de los pastores 1615 (Barroco). Bernardo Strozzi. \u00d3leo sobre tela. Altura: 97 cm; Ancho: 139 cm. Museo Walters.<\/p>\n","protected":false},"author":3,"featured_media":2779,"comment_status":"open","ping_status":"open","sticky":false,"template":"","format":"standard","meta":[],"categories":[39,50,44],"tags":[],"_links":{"self":[{"href":"http:\/\/coraldecamaradenavarra.com\/index.php?rest_route=\/wp\/v2\/posts\/2778"}],"collection":[{"href":"http:\/\/coraldecamaradenavarra.com\/index.php?rest_route=\/wp\/v2\/posts"}],"about":[{"href":"http:\/\/coraldecamaradenavarra.com\/index.php?rest_route=\/wp\/v2\/types\/post"}],"author":[{"embeddable":true,"href":"http:\/\/coraldecamaradenavarra.com\/index.php?rest_route=\/wp\/v2\/users\/3"}],"replies":[{"embeddable":true,"href":"http:\/\/coraldecamaradenavarra.com\/index.php?rest_route=%2Fwp%2Fv2%2Fcomments&post=2778"}],"version-history":[{"count":8,"href":"http:\/\/coraldecamaradenavarra.com\/index.php?rest_route=\/wp\/v2\/posts\/2778\/revisions"}],"predecessor-version":[{"id":2787,"href":"http:\/\/coraldecamaradenavarra.com\/index.php?rest_route=\/wp\/v2\/posts\/2778\/revisions\/2787"}],"wp:featuredmedia":[{"embeddable":true,"href":"http:\/\/coraldecamaradenavarra.com\/index.php?rest_route=\/wp\/v2\/media\/2779"}],"wp:attachment":[{"href":"http:\/\/coraldecamaradenavarra.com\/index.php?rest_route=%2Fwp%2Fv2%2Fmedia&parent=2778"}],"wp:term":[{"taxonomy":"category","embeddable":true,"href":"http:\/\/coraldecamaradenavarra.com\/index.php?rest_route=%2Fwp%2Fv2%2Fcategories&post=2778"},{"taxonomy":"post_tag","embeddable":true,"href":"http:\/\/coraldecamaradenavarra.com\/index.php?rest_route=%2Fwp%2Fv2%2Ftags&post=2778"}],"curies":[{"name":"wp","href":"https:\/\/api.w.org\/{rel}","templated":true}]}}