{"id":2772,"date":"2019-12-23T10:30:24","date_gmt":"2019-12-23T10:30:24","guid":{"rendered":"http:\/\/www.encantando.es\/?p=2772"},"modified":"2019-12-23T14:36:54","modified_gmt":"2019-12-23T14:36:54","slug":"2772","status":"publish","type":"post","link":"http:\/\/coraldecamaradenavarra.com\/?p=2772&lang=es","title":{"rendered":"LA CRMN EN SOS DEL REY CAT\u00d3LICO"},"content":{"rendered":"<h1>LA CRMN EN SOS DEL REY CAT\u00d3LICO<\/h1>\n<p><b>La Capilla renacentista \u00abMichael Navarrus\u00bb se desplaza a Sos del Rey Cat\u00f3lico para ofrecer un concierto dedicado \u00edntegramente a Ensaladas renacentistas. El concierto contar\u00e1 con la direcci\u00f3n de David Guindano, director art\u00edstico de la entidad.<\/b><\/p>\n<p><!--more--><\/p>\n<p><a class=\"single_photoswipe\" href=\"http:\/\/www.encantando.es\/wp-content\/uploads\/2019\/12\/Ensaladas-Pamplona.png\" data-size=\"948x639\"><img decoding=\"async\" loading=\"lazy\" class=\"alignnone size-medium wp-image-2766\" src=\"http:\/\/www.encantando.es\/wp-content\/uploads\/2019\/12\/Ensaladas-Pamplona-300x202.png\" alt=\"Ensaladas Pamplona\" width=\"300\" height=\"202\" srcset=\"http:\/\/coraldecamaradenavarra.com\/wp-content\/uploads\/2019\/12\/Ensaladas-Pamplona-300x202.png 300w, http:\/\/coraldecamaradenavarra.com\/wp-content\/uploads\/2019\/12\/Ensaladas-Pamplona.png 948w\" sizes=\"(max-width: 300px) 100vw, 300px\" \/><\/a><\/p>\n<p>La agrupaci\u00f3n especializada en M\u00fasica Antigua de nuestra entidad, recala por primera vez en Sos del Rey Cat\u00f3lico a trav\u00e9s de su proyecto Encantando On Tour 19\/20. La Capilla renacentista \u201cMichael Navarrus\u201d interpreta\u0155a un did\u00e1ctico concierto centrado en las Ensaladas del renacimiento. El concierto estar\u00e1 dirigido por el director art\u00edstico de la entidad David Guindano y la capilla estar\u00e1 formada por 17 voces. El concierto tendr\u00e1 lugar en el precioso Palacio Espa\u00f1ol de Ni\u00f1o el pr\u00f3ximo viernes 27 a las 20:00 horas con entrada libre hasta completar aforo.<\/p>\n<p><strong>TEMPORADA ENCANTANDO DENBORALDIA 2019\/2020<\/strong><\/p>\n<p>\u00abENSALADAS\u00bb.<\/p>\n<p>Capilla renacentista \u00abMichael Navarrus\u00bb (CCN)<\/p>\n<p>Direcci\u00f3n: David Guindano Igarreta<\/p>\n<p>Viernes 27 de diciembre \u2013 20:00 horas \u2013<\/p>\n<p>Palacio Espa\u00f1ol de Ni\u00f1o<\/p>\n<p>Sos del Rey Cat\u00f3lico &#8211; Arag\u00f3n<\/p>\n<p>Entrada: Libre hasta completar aforo.<\/p>\n<p><i><i><i><b><b><i> 23 de diciembre de 2019<\/i><\/b><\/b><\/i><\/i><\/i><\/p>\n","protected":false},"excerpt":{"rendered":"<p>LA CRMN EN SOS DEL REY CAT\u00d3LICO La Capilla renacentista \u00abMichael Navarrus\u00bb se desplaza a Sos del Rey Cat\u00f3lico para ofrecer un concierto dedicado \u00edntegramente a Ensaladas renacentistas. El concierto contar\u00e1 con la direcci\u00f3n de David Guindano, director art\u00edstico de la entidad.<\/p>\n","protected":false},"author":3,"featured_media":2766,"comment_status":"open","ping_status":"open","sticky":false,"template":"","format":"standard","meta":[],"categories":[39,50,40,44],"tags":[],"_links":{"self":[{"href":"http:\/\/coraldecamaradenavarra.com\/index.php?rest_route=\/wp\/v2\/posts\/2772"}],"collection":[{"href":"http:\/\/coraldecamaradenavarra.com\/index.php?rest_route=\/wp\/v2\/posts"}],"about":[{"href":"http:\/\/coraldecamaradenavarra.com\/index.php?rest_route=\/wp\/v2\/types\/post"}],"author":[{"embeddable":true,"href":"http:\/\/coraldecamaradenavarra.com\/index.php?rest_route=\/wp\/v2\/users\/3"}],"replies":[{"embeddable":true,"href":"http:\/\/coraldecamaradenavarra.com\/index.php?rest_route=%2Fwp%2Fv2%2Fcomments&post=2772"}],"version-history":[{"count":3,"href":"http:\/\/coraldecamaradenavarra.com\/index.php?rest_route=\/wp\/v2\/posts\/2772\/revisions"}],"predecessor-version":[{"id":2775,"href":"http:\/\/coraldecamaradenavarra.com\/index.php?rest_route=\/wp\/v2\/posts\/2772\/revisions\/2775"}],"wp:featuredmedia":[{"embeddable":true,"href":"http:\/\/coraldecamaradenavarra.com\/index.php?rest_route=\/wp\/v2\/media\/2766"}],"wp:attachment":[{"href":"http:\/\/coraldecamaradenavarra.com\/index.php?rest_route=%2Fwp%2Fv2%2Fmedia&parent=2772"}],"wp:term":[{"taxonomy":"category","embeddable":true,"href":"http:\/\/coraldecamaradenavarra.com\/index.php?rest_route=%2Fwp%2Fv2%2Fcategories&post=2772"},{"taxonomy":"post_tag","embeddable":true,"href":"http:\/\/coraldecamaradenavarra.com\/index.php?rest_route=%2Fwp%2Fv2%2Ftags&post=2772"}],"curies":[{"name":"wp","href":"https:\/\/api.w.org\/{rel}","templated":true}]}}