{"id":2754,"date":"2019-11-28T12:38:46","date_gmt":"2019-11-28T12:38:46","guid":{"rendered":"http:\/\/www.encantando.es\/?p=2754"},"modified":"2019-11-28T12:39:04","modified_gmt":"2019-11-28T12:39:04","slug":"jazzy-leap-no-trasladara-a-harlem-en-su-concierto-navideno","status":"publish","type":"post","link":"http:\/\/coraldecamaradenavarra.com\/?p=2754&lang=es","title":{"rendered":"JAZZY LEAP NOS TRASLADAR\u00c1 A HARLEM EN SU CONCIERTO NAVIDE\u00d1O"},"content":{"rendered":"<h1>JAZZY LEAP NO TRASLADAR\u00c1 A HARLEM EN SU CONCIERTO NAVIDE\u00d1O<\/h1>\n<p><b>Jazzy Leap cierra el a\u00f1o con un concierto que nos trasladar\u00e1 a Harlem. El concierto tendr\u00e1 lugar en la Sala de C\u00e1mara de Baluarte el pr\u00f3ximo 22 de diciembre dentro de la Temporada Encantando Denboraldia 2019\/2020.<\/b><\/p>\n<p><!--more--><\/p>\n<p><a class=\"single_photoswipe\" href=\"http:\/\/www.encantando.es\/wp-content\/uploads\/2019\/11\/web.jpg\" data-size=\"4250x6375\"><img decoding=\"async\" loading=\"lazy\" class=\"alignnone size-medium wp-image-2747\" src=\"http:\/\/www.encantando.es\/wp-content\/uploads\/2019\/11\/web-200x300.jpg\" alt=\"web\" width=\"200\" height=\"300\" srcset=\"http:\/\/coraldecamaradenavarra.com\/wp-content\/uploads\/2019\/11\/web-200x300.jpg 200w, http:\/\/coraldecamaradenavarra.com\/wp-content\/uploads\/2019\/11\/web-683x1024.jpg 683w, http:\/\/coraldecamaradenavarra.com\/wp-content\/uploads\/2019\/11\/web-1600x2400.jpg 1600w\" sizes=\"(max-width: 200px) 100vw, 200px\" \/><\/a><\/p>\n<p>La Sala de C\u00e1mara de Baluarte acoge, el pr\u00f3ximo domingo 22 de diciembre a las 19:00 horas, una nueva cita de la Temporada Encantando Denboraldia: el concierto navide\u00f1o Christmas in Harlem a cargo de Jazzy Leap, formaci\u00f3n de jazz de la Coral de C\u00e1mara de Navarra, que actuar\u00e1 bajo la batuta de su director Andoni Arcilla y con el acompa\u00f1amiento musical de JL Band. La actuaci\u00f3n tendr\u00e1 tres partes diferenciadas: una primera a capella (espiritual y gospel); una segunda junto a Jazzy Leap Band en la que se recuperar\u00e1n villancicos en una versi\u00f3n jazz\u00edstica (arreglados para la ocasi\u00f3n por el director Andoni Arcilla); y una tercera parte donde la fusi\u00f3n ser\u00e1 la protagonista, en la que cantantes e instrumentistas visitar\u00e1n diversos estilos tales como el pop, rock, funk o jazz.<\/p>\n<p>Las entradas cuestan 10\u20ac y se pueden adquirir a trav\u00e9s de los canales habituales: taquilla de Baluarte y en www.baluarte.com.<\/p>\n<p>En esta ocasi\u00f3n Jazzy Leap estar\u00e1 acompa\u00f1ada por Jazzy Leap Band formada por:<\/p>\n<p>Alberto Arteta, Saxof\u00f3n<br \/>\nAlejandro Mingot, guitarra<br \/>\n\u00d3scar Mu\u00f1oz, Bajo el\u00e9ctrico<br \/>\nRub\u00e9n S\u00e1nchez, Bater\u00eda<br \/>\nAndoni Arcilla, teclados, arreglos, voz y direcci\u00f3n.<\/p>\n<p><b>DATOS IMPORTANTES: <\/b><\/p>\n<p><b>CHRISTMAS IN HARLEM<\/b><\/p>\n<p>&#8211; TEMPORADA ENCANTANDO DENBORALDIA &#8211;<\/p>\n<p>Cu\u00e1ndo: Domingo 22<\/p>\n<p>D\u00f3nde: Sala de C\u00e1mara de Baluarte<\/p>\n<p>Ciudad: Pamplona-Iru\u00f1a<\/p>\n<p>Hora: 19:00horas.<\/p>\n<p>Entrada: 10 euros<\/p>\n<p>Foto I. Imagen de Andre Benz (unsplash).<\/p>\n<p><i><i><i><b><b><i> 28 de noviembre de 2019<\/i><\/b><\/b><\/i><\/i><\/i><\/p>\n","protected":false},"excerpt":{"rendered":"<p>JAZZY LEAP NO TRASLADAR\u00c1 A HARLEM EN SU CONCIERTO NAVIDE\u00d1O Jazzy Leap cierra el a\u00f1o con un concierto que nos trasladar\u00e1 a Harlem. El concierto tendr\u00e1 lugar en la Sala de C\u00e1mara de Baluarte el pr\u00f3ximo 22 de diciembre dentro de la Temporada Encantando Denboraldia 2019\/2020.<\/p>\n","protected":false},"author":3,"featured_media":2747,"comment_status":"open","ping_status":"open","sticky":false,"template":"","format":"standard","meta":[],"categories":[40,44],"tags":[],"_links":{"self":[{"href":"http:\/\/coraldecamaradenavarra.com\/index.php?rest_route=\/wp\/v2\/posts\/2754"}],"collection":[{"href":"http:\/\/coraldecamaradenavarra.com\/index.php?rest_route=\/wp\/v2\/posts"}],"about":[{"href":"http:\/\/coraldecamaradenavarra.com\/index.php?rest_route=\/wp\/v2\/types\/post"}],"author":[{"embeddable":true,"href":"http:\/\/coraldecamaradenavarra.com\/index.php?rest_route=\/wp\/v2\/users\/3"}],"replies":[{"embeddable":true,"href":"http:\/\/coraldecamaradenavarra.com\/index.php?rest_route=%2Fwp%2Fv2%2Fcomments&post=2754"}],"version-history":[{"count":2,"href":"http:\/\/coraldecamaradenavarra.com\/index.php?rest_route=\/wp\/v2\/posts\/2754\/revisions"}],"predecessor-version":[{"id":2756,"href":"http:\/\/coraldecamaradenavarra.com\/index.php?rest_route=\/wp\/v2\/posts\/2754\/revisions\/2756"}],"wp:featuredmedia":[{"embeddable":true,"href":"http:\/\/coraldecamaradenavarra.com\/index.php?rest_route=\/wp\/v2\/media\/2747"}],"wp:attachment":[{"href":"http:\/\/coraldecamaradenavarra.com\/index.php?rest_route=%2Fwp%2Fv2%2Fmedia&parent=2754"}],"wp:term":[{"taxonomy":"category","embeddable":true,"href":"http:\/\/coraldecamaradenavarra.com\/index.php?rest_route=%2Fwp%2Fv2%2Fcategories&post=2754"},{"taxonomy":"post_tag","embeddable":true,"href":"http:\/\/coraldecamaradenavarra.com\/index.php?rest_route=%2Fwp%2Fv2%2Ftags&post=2754"}],"curies":[{"name":"wp","href":"https:\/\/api.w.org\/{rel}","templated":true}]}}