{"id":1289,"date":"2013-06-17T16:01:39","date_gmt":"2013-06-17T16:01:39","guid":{"rendered":"http:\/\/www.sogimifi.dns-privadas.es\/?p=1289"},"modified":"2013-06-17T16:01:39","modified_gmt":"2013-06-17T16:01:39","slug":"discografia","status":"publish","type":"post","link":"http:\/\/coraldecamaradenavarra.com\/?p=1289&lang=es","title":{"rendered":"DISCOGRAF\u00cdA"},"content":{"rendered":"<h1>FELIPE GORRITI ANTOLOG\u00cdA<\/h1>\n<div class=\"div_col1\" style=\"height: 600px;\"> <img decoding=\"async\" mce_src=\"http:\/\/www.sogimifi.dns-privadas.es\/wp-content\/uploads\/2013\/06\/felipe-gorriti.jpg\" src=\"http:\/\/www.sogimifi.dns-privadas.es\/wp-content\/uploads\/2013\/06\/felipe-gorriti.jpg\" alt=\"felipe gorriti\" style=\"width: 250px;\"> <\/p>\n<p><b>&nbsp;Grabado en cuatro fases: <\/b><br \/>\u2022 29, 30, 31 de octubre 2010 en iglesia del Convento PP Carmelitas Descalzos de Pamplona.<br \/>\u2022 30 de abril de 2011 en la iglesia de San Esteban de Eusa (Navarra)<br \/>\u2022 10, 11, 12 de junio 2011 en iglesia del Convento PP Carmelitas Descalzos de Pamplona <br \/>\u2022 11 de agosto de 2011 en la parroquia de Santa Mar\u00eda de Tolosa (Guip\u00fazcoa)  <\/p>\n<p><b>Registrantes del organista:<\/b> Gonzalo Caballero, Teresa Hern\u00e1ndez, Iosu Burguete <br \/><b>Asesor musical: <\/b>Manu Sagastume <br \/><b>Control t\u00e9cnico de sonido y de grabaci\u00f3n:<\/b> Geaster S.L. <br \/><b>Traducciones a ingl\u00e9s:<\/b> Iosune Ojer <br \/><b>Producci\u00f3n:<\/b> I\u00f1igo Oses Maestro <br \/><b>Impresor:<\/b> Gr\u00e1ficas Al\u00f3s <br \/><b>Direcci\u00f3n editorial:<\/b> Fernando Rivera <\/div>\n<p><\/p>\n<div class=\"div_col2\" style=\"height: 600px;\"> 1 Te Deum laudamus 09:18<br \/><span class=\"Apple-tab-span\" style=\"white-space:pre\" mce_style=\"white-space:pre\">\t<\/span>Tenor: \u00cd\u00f1igo Casal\u00ed<br \/><span class=\"Apple-tab-span\" style=\"white-space:pre\" mce_style=\"white-space:pre\">\t<\/span>Bar\u00edtono: Silvano Bazt\u00e1n<br \/>2 Marcha f\u00fanebre 05:41<br \/>3 Inviolata 05:24<br \/>4 O salutaris hostia 05:08<br \/><span class=\"Apple-tab-span\" style=\"white-space:pre\" mce_style=\"white-space:pre\">\t<\/span>Tenor: Jos\u00e9 Luis Sola<br \/>5 Cinco versos para el Magnificat 13:06<br \/><span class=\"Apple-tab-span\" style=\"white-space:pre\" mce_style=\"white-space:pre\">\t<\/span>Sochantre: Juan Gallego<br \/>6 Sub tuum praesidium 04:33<br \/><span class=\"Apple-tab-span\" style=\"white-space:pre\" mce_style=\"white-space:pre\">\t<\/span>Tenor: Jos\u00e9 Luis Sola<br \/>7 Sanctus en si bemol mayor 03:49<br \/><span class=\"Apple-tab-span\" style=\"white-space:pre\" mce_style=\"white-space:pre\">\t<\/span>Contralto solo: Gabriel D\u00edaz<br \/>8 La Esperanza (oraci\u00f3n y plegaria) 05:27<br \/><span class=\"Apple-tab-span\" style=\"white-space:pre\" mce_style=\"white-space:pre\">\t<\/span>Misa de Requiem breve<br \/>9 Introito 03:34<br \/>10 Kyrie 02:28<br \/>11 Tracto 04:55<br \/>12 Secuencia 05:39<br \/>13 Ofertorio 05:37<br \/>14 Sanctus-Benedictus 02:51<br \/>15 Agnus Dei 01:36<br \/>16 Comuni\u00f3n 02:31<br \/>17 Andante religioso para cuarteto de cuerda 06:41<br \/><span class=\"Apple-tab-span\" style=\"white-space:pre\" mce_style=\"white-space:pre\">\t<\/span>Cuarteto \u201cA Capriccio\u201d<br \/>18 Magnificat de difuntos 07:12<br \/><span class=\"Apple-tab-span\" style=\"white-space:pre\" mce_style=\"white-space:pre\">\t<\/span>Sochantre: Juan Gallego<\/p>\n<p><\/p>\n<\/div>\n<div class=\"div_col3\" style=\"height: 600px;\"> <b>Misa de Requiem (Calixto Barcos-Felipe Gorriti)<br \/><\/b>19 Introito. Requiem 03:52<br \/>20 Kyrie 01:04<br \/>21 Gradual 02:46<br \/>22 Secuencia 05:17<br \/>23 Ofertorio 04:05<br \/>24 Sanctus 00:59<br \/>25 Tantum ergo 09:09<br \/><span class=\"Apple-tab-span\" style=\"white-space:pre\" mce_style=\"white-space:pre\">\t<\/span>Contralto: Gabriel D\u00edaz<br \/><span class=\"Apple-tab-span\" style=\"white-space:pre\" mce_style=\"white-space:pre\">\t<\/span>Tenor: Miguel Mediano<br \/>26 Lamentaci\u00f3n primera del Mi\u00e9rcoles 07:10<br \/><span class=\"Apple-tab-span\" style=\"white-space:pre\" mce_style=\"white-space:pre\">\t<\/span>Soprano: Ligia Guti\u00e9rrez<br \/>27 Christus factus est 02:57<br \/>28 Pange lingua gloriosi 01:48<br \/>29 Surge propera 05:11<br \/><span class=\"Apple-tab-span\" style=\"white-space:pre\" mce_style=\"white-space:pre\">\t<\/span>Tenor: \u00cd\u00f1igo Casal\u00ed<br \/><b>Ecos de And\u00eda<br \/><\/b>30 N\u00ba 1 Andante 04:20<br \/>31 N\u00ba 2 Allegro molto 01:58<br \/>32 N\u00ba 3 Adagio 02:17<br \/>33 N\u00ba 4 Legato con expresi\u00f3n 02:17<br \/><span class=\"Apple-tab-span\" style=\"white-space:pre\" mce_style=\"white-space:pre\">\t<\/span>Tenor solista: \u00cd\u00f1igo Casal\u00ed<br \/>34 N\u00ba 5 Allegro marcial 02:16<br \/>35 N\u00ba 6 Andante mosso 06:09<br \/>36 N\u00ba 7 Allegro 03:30<br \/>37 Agur Jesusen ama 02:00<br \/><span class=\"Apple-tab-span\" style=\"white-space:pre\" mce_style=\"white-space:pre\">\t<\/span>Soprano: Ariadna Mart\u00ednez<\/p>\n<p><\/p>\n<p><\/p>\n<\/p><\/div>\n","protected":false},"excerpt":{"rendered":"<p>FELIPE GORRITI ANTOLOG\u00cdA Grabado en cuatro fases: \u2022 29, 30, 31 de octubre 2010 en iglesia del Convento PP Carmelitas Descalzos de Pamplona.\u2022 30 de abril de 2011 en la iglesia de San Esteban de Eusa (Navarra)\u2022 10, 11, 12 de junio 2011 en iglesia del Convento PP Carmelitas Descalzos de Pamplona \u2022 11 de agosto de 2011 en la<\/p>\n","protected":false},"author":1,"featured_media":1288,"comment_status":"open","ping_status":"open","sticky":false,"template":"","format":"standard","meta":[],"categories":[50],"tags":[],"_links":{"self":[{"href":"http:\/\/coraldecamaradenavarra.com\/index.php?rest_route=\/wp\/v2\/posts\/1289"}],"collection":[{"href":"http:\/\/coraldecamaradenavarra.com\/index.php?rest_route=\/wp\/v2\/posts"}],"about":[{"href":"http:\/\/coraldecamaradenavarra.com\/index.php?rest_route=\/wp\/v2\/types\/post"}],"author":[{"embeddable":true,"href":"http:\/\/coraldecamaradenavarra.com\/index.php?rest_route=\/wp\/v2\/users\/1"}],"replies":[{"embeddable":true,"href":"http:\/\/coraldecamaradenavarra.com\/index.php?rest_route=%2Fwp%2Fv2%2Fcomments&post=1289"}],"version-history":[{"count":0,"href":"http:\/\/coraldecamaradenavarra.com\/index.php?rest_route=\/wp\/v2\/posts\/1289\/revisions"}],"wp:featuredmedia":[{"embeddable":true,"href":"http:\/\/coraldecamaradenavarra.com\/index.php?rest_route=\/wp\/v2\/media\/1288"}],"wp:attachment":[{"href":"http:\/\/coraldecamaradenavarra.com\/index.php?rest_route=%2Fwp%2Fv2%2Fmedia&parent=1289"}],"wp:term":[{"taxonomy":"category","embeddable":true,"href":"http:\/\/coraldecamaradenavarra.com\/index.php?rest_route=%2Fwp%2Fv2%2Fcategories&post=1289"},{"taxonomy":"post_tag","embeddable":true,"href":"http:\/\/coraldecamaradenavarra.com\/index.php?rest_route=%2Fwp%2Fv2%2Ftags&post=1289"}],"curies":[{"name":"wp","href":"https:\/\/api.w.org\/{rel}","templated":true}]}}