{"id":1287,"date":"2013-06-14T17:48:27","date_gmt":"2013-06-14T17:48:27","guid":{"rendered":"http:\/\/www.sogimifi.dns-privadas.es\/?p=1287"},"modified":"2013-06-14T17:48:27","modified_gmt":"2013-06-14T17:48:27","slug":"los-secretos-de-eros-en-baluarte","status":"publish","type":"post","link":"http:\/\/coraldecamaradenavarra.com\/?p=1287&lang=es","title":{"rendered":"LOS SECRETOS DE EROS EN BALUARTE"},"content":{"rendered":"<h1>LOS SECRETOS DE EROS EN BALUARTE<br \/><\/h1>\n<p>La Capilla Renacentista \u00abMichael Navarrus\u00bb nos acerca al madrigal Monteverdiano en un concierto teatralizado que pone punto y final al Taller de madrigales de Monteverdi impartido por David Guindano desde el pasado 15 de abirl. La cita el pr\u00f3ximo 17 de junio en la Sala de C\u00e1mara de Auditorio Baluarte.<\/p>\n<p>  <!--more-->  <\/p>\n<p><\/p>\n<p><img decoding=\"async\" src=\"http:\/\/www.sogimifi.dns-privadas.es\/wp-content\/uploads\/2013\/06\/carteleros.jpg\" mce_src=\"http:\/\/www.sogimifi.dns-privadas.es\/wp-content\/uploads\/2013\/06\/carteleros.jpg\" style=\"margin: 25px; float: right;\" mce_style=\"margin: 25px; float: right;\" border=\"0\" width=\"600\"><\/p>\n<p>La actividad de la CRMN no cesa y tras abordar obras del Maestro F. Guerrero en el Ciclo \u00abM\u00fasica para un tiempo de oraci\u00f3n\u00bb en Pamplona y de T.L. de Victoria en el Festival Mayo Musical de Huesca, es hora de un proyecto propio de la Temporada Encantando 2013 en donde abordaremos la obra de otro de los grandes, <b>Claudio Monteverdi<\/b>.  <\/p>\n<p>Este paso adelante en el repertorio de la Capilla Renacentista \u00abMichael Navarrus\u00bb (CRMN) coincide con el vig\u00e9simo aniversario de la Semana de M\u00fasica dedicada a la obra del \u201cgran Claudio\u201d organizada por el director art\u00edstico de la CCN\/NGA en 1993 con motivo del 350 aniversario de la muerte del compositor y que supuso un hito en el acercamiento de la llamada m\u00fasica antigua a la ciudad en aqu\u00e9l momento cuyo conocimiento era cuando menos incipiente. <\/p>\n<p>Como en dicha ocasi\u00f3n el proyecto se abri\u00f3 a la participaci\u00f3n de la ciudadan\u00eda.  Para ello, la CCN\/NGA ha ofrecido un Curso\/Taller te\u00f3rico pr\u00e1ctico donde conscientes de la importancia de este repertorio y su considerable inaccesibilidad a nivel pr\u00e1ctico, la CCN\/NGA ha ofertado de manera gratuita los ensayos de este repertorio a cualquier persona interesada que podr\u00e1 participar de manera activa u oyente.   <\/p>\n<p> Un proyecto en donde la actividad propia de la CCN\/NGA se abre a la sociedad con el fin de acercar, formar y divulgar los grandes maestros desde el rigor a la que nuestra direcci\u00f3n art\u00edstica nos tiene acostumbrados.<\/p>\n<p>El punto culminante del Taller es el concierto que presentamos y que tendr\u00e1 lugar en la Sala de C\u00e1mara de Baluarte el pr\u00f3ximo lunes 17 a las 20 horas. El mismo estar\u00e1 protagonizado por la Capilla Renacentista \u00abMichael Navarrus\u00bb y los alumnos del taller de madrigales. Adem\u00e1s contaremos con la participaci\u00f3n de los actores Imano Espinazo y Alexia Papantchev. <\/p>\n<p>Entradas:<\/p>\n<p>General: 6 euros<\/p>\n<p>Socios: 5 euros<\/p>\n<p><b><b>Para m\u00e1s informaci\u00f3n puedes descargarte el dossier del curso que incluye el temario a tratar, el plan de ensayos, el programa de concierto, etc. pinchando en los pdf.   <\/b><\/b><\/p>\n<p><b><b><br \/> <a href=\"http:\/\/www.sogimifi.dns-privadas.es\/wp-content\/uploads\/2013\/06\/dossiereros.pdf\" mce_href=\"http:\/\/www.sogimifi.dns-privadas.es\/wp-content\/uploads\/2013\/06\/dossiereros.pdf\" target=\"_blank\"><img decoding=\"async\" src=\"http:\/\/www.sogimifi.dns-privadas.es\/wp-content\/uploads\/2008\/08\/pdf.png\" mce_src=\"http:\/\/www.sogimifi.dns-privadas.es\/wp-content\/uploads\/2008\/08\/pdf.png\" alt=\"icono pdf\" style=\"margin-bottom: 20px;\" mce_style=\"margin-bottom: 20px;\" border=\"0\"><\/a> <br \/> <a target=\"_blank\">DOSSIER DEL CONCIERTO<br \/><\/a><\/b>   <\/b><\/p>\n<p><b><i>12 de junio de 2013<\/i><\/b><\/p>\n","protected":false},"excerpt":{"rendered":"<p>LOS SECRETOS DE EROS EN BALUARTE La Capilla Renacentista \u00abMichael Navarrus\u00bb nos acerca al madrigal Monteverdiano en un concierto teatralizado que pone punto y final al Taller de madrigales de Monteverdi impartido por David Guindano desde el pasado 15 de abirl. La cita el pr\u00f3ximo 17 de junio en la Sala de C\u00e1mara de Auditorio Baluarte.<\/p>\n","protected":false},"author":1,"featured_media":1285,"comment_status":"open","ping_status":"open","sticky":false,"template":"","format":"standard","meta":[],"categories":[44],"tags":[],"_links":{"self":[{"href":"http:\/\/coraldecamaradenavarra.com\/index.php?rest_route=\/wp\/v2\/posts\/1287"}],"collection":[{"href":"http:\/\/coraldecamaradenavarra.com\/index.php?rest_route=\/wp\/v2\/posts"}],"about":[{"href":"http:\/\/coraldecamaradenavarra.com\/index.php?rest_route=\/wp\/v2\/types\/post"}],"author":[{"embeddable":true,"href":"http:\/\/coraldecamaradenavarra.com\/index.php?rest_route=\/wp\/v2\/users\/1"}],"replies":[{"embeddable":true,"href":"http:\/\/coraldecamaradenavarra.com\/index.php?rest_route=%2Fwp%2Fv2%2Fcomments&post=1287"}],"version-history":[{"count":0,"href":"http:\/\/coraldecamaradenavarra.com\/index.php?rest_route=\/wp\/v2\/posts\/1287\/revisions"}],"wp:featuredmedia":[{"embeddable":true,"href":"http:\/\/coraldecamaradenavarra.com\/index.php?rest_route=\/wp\/v2\/media\/1285"}],"wp:attachment":[{"href":"http:\/\/coraldecamaradenavarra.com\/index.php?rest_route=%2Fwp%2Fv2%2Fmedia&parent=1287"}],"wp:term":[{"taxonomy":"category","embeddable":true,"href":"http:\/\/coraldecamaradenavarra.com\/index.php?rest_route=%2Fwp%2Fv2%2Fcategories&post=1287"},{"taxonomy":"post_tag","embeddable":true,"href":"http:\/\/coraldecamaradenavarra.com\/index.php?rest_route=%2Fwp%2Fv2%2Ftags&post=1287"}],"curies":[{"name":"wp","href":"https:\/\/api.w.org\/{rel}","templated":true}]}}