{"id":1284,"date":"2013-06-11T14:22:45","date_gmt":"2013-06-11T14:22:45","guid":{"rendered":"http:\/\/www.sogimifi.dns-privadas.es\/?p=1284"},"modified":"2013-06-11T14:22:45","modified_gmt":"2013-06-11T14:22:45","slug":"la-ccnnga-participara-en-la-soiree-de-ocn","status":"publish","type":"post","link":"http:\/\/coraldecamaradenavarra.com\/?p=1284&lang=es","title":{"rendered":"LA CCN\/NGA PARTICIPAR\u00c1 EN LA SOIR\u00c9E DE OCN"},"content":{"rendered":"<h1>LA CCN\/NGA PARTICIPAR\u00c1 EN LA SOIR\u00c9E DE OCN<br \/><\/h1>\n<p>Solistas de la CCN\/NGA ser\u00e1n los encargados de uno de los Preludios de la Soir\u00e9e. El concierto tendr\u00e1 lugar el pr\u00f3ximo d\u00eda 19 a las 20:00 horas en la Ciudadela de Pamplona. El concierto se repetir\u00e1 en la propia Soir\u00e9e el d\u00eda 22. Se interpretar\u00e1n los Nocturnos de Mozart.<\/p>\n<p>  <!--more-->  <\/p>\n<p><\/p>\n<p><img decoding=\"async\" src=\"http:\/\/www.sogimifi.dns-privadas.es\/wp-content\/uploads\/2013\/06\/cartelsoiree.jpg\" mce_src=\"http:\/\/www.sogimifi.dns-privadas.es\/wp-content\/uploads\/2013\/06\/cartelsoiree.jpg\" style=\"margin: 25px; float: right;\" mce_style=\"margin: 25px; float: right;\" border=\"0\" width=\"600\"><\/p>\n<p>\u00d3pera de C\u00e1mara de Navarra presenta la segunda edici\u00f3n de la \u00abSoir\u00e9e de \u00d3pera\u00bb, un programa dirigido a disfrutar de este g\u00e9nero en un marco especial como la Ciudadela de Pamplona, al aire libre, combinado con otros elementos art\u00edsticos como el canto, la m\u00fasica, el teatro y la danza, con propuestas esc\u00e9nicas que utilizan el propio marco hist\u00f3rico, con vocaci\u00f3n popular, buscando la colaboraci\u00f3n de todas las instituciones culturales posibles y convirtiendo el entorno en una fiesta.  <\/p>\n<p>En esta ocasi\u00f3n se ampliar\u00e1 la oferta a los d\u00edas previos a la misma con los \u00abPreludios de Soir\u00e9e\u00bb en donde participar\u00e1 un grupo de solistas de la CCN\/NGA. La Soir\u00e9e del est\u00e1 dedicada a la figura de W.A. Mozart de quien es la \u00f3pera que culminar\u00e1 esta gran programaci\u00f3n \u00abLa finta Giardinera\u00bb. Los solistas de la CCN\/NGA dirigidos por David Guindano interpretar\u00e1n los Nocturnos del genio de Salzburgo.  <\/p>\n<p><\/p>\n<p><\/p>\n<p>Los solistas de la CCN\/NGA para este concierto son:  <\/p>\n<p>Ariadna Mart\u00ednez (soprano) <\/p>\n<p>Nerea Berraondo (mezzosoprano) <\/p>\n<p>Juli\u00e1n Irulegui (baritono) <\/p>\n<p>Zuri\u00f1e Mayo (clarinete si b) <\/p>\n<p>Inma Calahorra (clarinete si b) <\/p>\n<p>\u00c1lvaro Iborra (clarinete bajo)   <\/p>\n<p><\/p>\n<p> <b>Las citas.  <\/b><\/p>\n<p><b>Mi\u00e9rcoles 19 de junio<\/b> <\/p>\n<p>Lugar: Ciudadela de Pamplona &#8211;  <\/p>\n<p>Hora: 20:00 horas <\/p>\n<p>Duraci\u00f3n: 30 minutos de concierto + introducci\u00f3n a cargo de D. Ricardo Visus <\/p>\n<p>Entrada: Al aire libre. Gratuito. <\/p>\n<p>Organiza: \u00d3pera de C\u00e1mara de Navarra   <\/p>\n<p><b>S\u00e1bado 22 de junio <\/b><\/p>\n<p>Lugar: Ciudadela de Pamplona &#8211;  <\/p>\n<p>Hora: 19:30 horas <\/p>\n<p>Duraci\u00f3n: 30 minutos de concierto + introducci\u00f3n a cargo de D. Ricardo Visus <\/p>\n<p>Entrada: Al aire libre. Entradas en www.elcorteingles.es <\/p>\n<p>Organiza: \u00d3pera de C\u00e1mara de Navarra  \u00a1\u00a1NO TE LO PIERDAS!!  <\/p>\n<p><b><b>Para m\u00e1s informaci\u00f3n puedes descargarte el progr\u00e1ma de toda la programaci\u00f3n de la Soir\u00e9e pinchando en el pdf.   <\/b><\/b><\/p>\n<p><b><b><br \/> <a href=\"http:\/\/www.sogimifi.dns-privadas.es\/wp-content\/uploads\/2013\/06\/programasoiree.pdf\" mce_href=\"http:\/\/www.sogimifi.dns-privadas.es\/wp-content\/uploads\/2013\/06\/programasoiree.pdf\" target=\"_blank\"><img decoding=\"async\" src=\"http:\/\/www.sogimifi.dns-privadas.es\/wp-content\/uploads\/2008\/08\/pdf.png\" mce_src=\"http:\/\/www.sogimifi.dns-privadas.es\/wp-content\/uploads\/2008\/08\/pdf.png\" alt=\"icono pdf\" style=\"margin-bottom: 20px;\" mce_style=\"margin-bottom: 20px;\" border=\"0\"><\/a> <br \/> <a target=\"_blank\">PROGRAMA SOIR\u00c9E<br \/><\/a><\/b><\/b><\/p>\n","protected":false},"excerpt":{"rendered":"<p>LA CCN\/NGA PARTICIPAR\u00c1 EN LA SOIR\u00c9E DE OCN Solistas de la CCN\/NGA ser\u00e1n los encargados de uno de los Preludios de la Soir\u00e9e. El concierto tendr\u00e1 lugar el pr\u00f3ximo d\u00eda 19 a las 20:00 horas en la Ciudadela de Pamplona. El concierto se repetir\u00e1 en la propia Soir\u00e9e el d\u00eda 22. Se interpretar\u00e1n los Nocturnos de Mozart.<\/p>\n","protected":false},"author":1,"featured_media":1282,"comment_status":"open","ping_status":"open","sticky":false,"template":"","format":"standard","meta":[],"categories":[44],"tags":[],"_links":{"self":[{"href":"http:\/\/coraldecamaradenavarra.com\/index.php?rest_route=\/wp\/v2\/posts\/1284"}],"collection":[{"href":"http:\/\/coraldecamaradenavarra.com\/index.php?rest_route=\/wp\/v2\/posts"}],"about":[{"href":"http:\/\/coraldecamaradenavarra.com\/index.php?rest_route=\/wp\/v2\/types\/post"}],"author":[{"embeddable":true,"href":"http:\/\/coraldecamaradenavarra.com\/index.php?rest_route=\/wp\/v2\/users\/1"}],"replies":[{"embeddable":true,"href":"http:\/\/coraldecamaradenavarra.com\/index.php?rest_route=%2Fwp%2Fv2%2Fcomments&post=1284"}],"version-history":[{"count":0,"href":"http:\/\/coraldecamaradenavarra.com\/index.php?rest_route=\/wp\/v2\/posts\/1284\/revisions"}],"wp:featuredmedia":[{"embeddable":true,"href":"http:\/\/coraldecamaradenavarra.com\/index.php?rest_route=\/wp\/v2\/media\/1282"}],"wp:attachment":[{"href":"http:\/\/coraldecamaradenavarra.com\/index.php?rest_route=%2Fwp%2Fv2%2Fmedia&parent=1284"}],"wp:term":[{"taxonomy":"category","embeddable":true,"href":"http:\/\/coraldecamaradenavarra.com\/index.php?rest_route=%2Fwp%2Fv2%2Fcategories&post=1284"},{"taxonomy":"post_tag","embeddable":true,"href":"http:\/\/coraldecamaradenavarra.com\/index.php?rest_route=%2Fwp%2Fv2%2Ftags&post=1284"}],"curies":[{"name":"wp","href":"https:\/\/api.w.org\/{rel}","templated":true}]}}