{"id":1281,"date":"2013-05-23T16:55:45","date_gmt":"2013-05-23T16:55:45","guid":{"rendered":"http:\/\/www.sogimifi.dns-privadas.es\/?p=1281"},"modified":"2013-05-23T16:55:45","modified_gmt":"2013-05-23T16:55:45","slug":"jazzy-leap-quintet-en-el-actua-2","status":"publish","type":"post","link":"http:\/\/coraldecamaradenavarra.com\/?p=1281&lang=es","title":{"rendered":"JAZZY LEAP QUINTET EN EL ACT\u00daA"},"content":{"rendered":"<h1>JAZZY LEAP QUINTET EN EL ACT\u00daA<br \/><\/h1>\n<p>El quinteto solista de la secci\u00f3n de Jazz y M\u00fasica Moderna de Jazzy Leap participar\u00e1 en la primera edici\u00f3n del Festival Urbano ACT\u00daA organizado por la Cadena Ser\/Radio Pamplona que se celebar\u00e1 durante los d\u00edas 24 y 25 de mayo en Pamplona.<\/p>\n<p>  <!--more-->  <\/p>\n<p><\/p>\n<p><img decoding=\"async\" src=\"http:\/\/www.sogimifi.dns-privadas.es\/wp-content\/uploads\/2013\/05\/actua.jpg\" mce_src=\"http:\/\/www.sogimifi.dns-privadas.es\/wp-content\/uploads\/2013\/05\/actua.jpg\" style=\"margin: 25px; float: right;\" mce_style=\"margin: 25px; float: right;\" border=\"0\" width=\"600\"><\/p>\n<p>Jazzy Leap Quintet y tras participar en la programaci\u00f3n del ciclo de jazz de un conocido club de la noche pamplonesa el conjunto dirigido por Andoni Arcilla, se presenta en la primera edici\u00f3n de \u00e9ste peculiar Festival organizado por la Cadena Ser\/Radio Pamplona y el Ayuntamiento de Pamplona.   Habiendo coincidido en diversas formaciones desde 2007, se establecen como grupo, bajo la direcci\u00f3n de Andoni Arcilla en enero de 2012 participando, entre otros conciertos, en la \u00faltima edici\u00f3n de CulTur del Gobierno de Navarra. El repertorio que presentan est\u00e1 compuesto \u00fanicamente por arreglos o armonizaciones modernas dentro del jazz. Incluye temas cl\u00e1sicos como Moonglow o I could write a book, otros compuestos por m\u00fasicos de jazz como Mood Indigo (Duke Ellington) o He beeped when he should have bopped (Dizzy Gillespie) y, por \u00faltimo, otros temas de diversos estilos (dentro del jazz y la bossa nova) compuestos o arreglados por Andoni expresamente para esta formaci\u00f3n como Afro Blue, East of the Sun o Desafinado.  Jazzy Leap 5 son:  Ana Irigoyen (Soprano) Erika Im\u00edzcoz (Soprano) Mar\u00eda Jes\u00fas Abaigar (Mezzosoprano) Andoni Arcilla (Tenor y piano) Asier Arcilla (Bar\u00edtono) ELy el propio Andoni Arcilla a la voz y piano.  <\/p>\n<p><img decoding=\"async\" src=\"http:\/\/www.sogimifi.dns-privadas.es\/wp-content\/uploads\/2013\/05\/jl5.jpg\" mce_src=\"http:\/\/www.sogimifi.dns-privadas.es\/wp-content\/uploads\/2013\/05\/jl5.jpg\" style=\"margin: 25px; float: right;\" mce_style=\"margin: 25px; float: right;\" border=\"0\" width=\"600\"><\/p>\n<p><\/p>\n<p> La cita.  <\/p>\n<p>S\u00e1bado 25 de mayo <\/p>\n<p>Lugar: Escenario principal Festival ACt\u00faa &#8211; Paseo Pablo Sarasate, frente al Parlamento <\/p>\n<p>Hora: 18:00 horas <\/p>\n<p>Duraci\u00f3n: 30 minutos <\/p>\n<p>Entrada: Al aire libre. Gratuito.  \u00a1\u00a1NO TE LO PIERDAS!!  <\/p>\n<p><b><b>Para m\u00e1s informaci\u00f3n puedes descargarte el progr\u00e1ma del ACT\u00daA 2013 pinchando en el pdf.   <\/b><\/b><\/p>\n<p><b><b><br \/> <a href=\"http:\/\/www.sogimifi.dns-privadas.es\/wp-content\/uploads\/2013\/05\/programactua.pdf\" mce_href=\"http:\/\/www.sogimifi.dns-privadas.es\/wp-content\/uploads\/2013\/05\/programactua.pdf\" target=\"_blank\"><img decoding=\"async\" src=\"http:\/\/www.sogimifi.dns-privadas.es\/wp-content\/uploads\/2008\/08\/pdf.png\" mce_src=\"http:\/\/www.sogimifi.dns-privadas.es\/wp-content\/uploads\/2008\/08\/pdf.png\" alt=\"icono pdf\" style=\"margin-bottom: 20px;\" mce_style=\"margin-bottom: 20px;\" border=\"0\"><\/a> <br \/> <a target=\"_blank\">PROGRAMA ACT\u00daA<br \/><\/a><\/b>   <\/b><\/p>\n<p><b><i>22 de mayo de 2013<\/i><\/b><\/p>\n","protected":false},"excerpt":{"rendered":"<p>JAZZY LEAP QUINTET EN EL ACT\u00daA El quinteto solista de la secci\u00f3n de Jazz y M\u00fasica Moderna de Jazzy Leap participar\u00e1 en la primera edici\u00f3n del Festival Urbano ACT\u00daA organizado por la Cadena Ser\/Radio Pamplona que se celebar\u00e1 durante los d\u00edas 24 y 25 de mayo en Pamplona.<\/p>\n","protected":false},"author":1,"featured_media":1277,"comment_status":"open","ping_status":"open","sticky":false,"template":"","format":"standard","meta":[],"categories":[44],"tags":[],"_links":{"self":[{"href":"http:\/\/coraldecamaradenavarra.com\/index.php?rest_route=\/wp\/v2\/posts\/1281"}],"collection":[{"href":"http:\/\/coraldecamaradenavarra.com\/index.php?rest_route=\/wp\/v2\/posts"}],"about":[{"href":"http:\/\/coraldecamaradenavarra.com\/index.php?rest_route=\/wp\/v2\/types\/post"}],"author":[{"embeddable":true,"href":"http:\/\/coraldecamaradenavarra.com\/index.php?rest_route=\/wp\/v2\/users\/1"}],"replies":[{"embeddable":true,"href":"http:\/\/coraldecamaradenavarra.com\/index.php?rest_route=%2Fwp%2Fv2%2Fcomments&post=1281"}],"version-history":[{"count":0,"href":"http:\/\/coraldecamaradenavarra.com\/index.php?rest_route=\/wp\/v2\/posts\/1281\/revisions"}],"wp:featuredmedia":[{"embeddable":true,"href":"http:\/\/coraldecamaradenavarra.com\/index.php?rest_route=\/wp\/v2\/media\/1277"}],"wp:attachment":[{"href":"http:\/\/coraldecamaradenavarra.com\/index.php?rest_route=%2Fwp%2Fv2%2Fmedia&parent=1281"}],"wp:term":[{"taxonomy":"category","embeddable":true,"href":"http:\/\/coraldecamaradenavarra.com\/index.php?rest_route=%2Fwp%2Fv2%2Fcategories&post=1281"},{"taxonomy":"post_tag","embeddable":true,"href":"http:\/\/coraldecamaradenavarra.com\/index.php?rest_route=%2Fwp%2Fv2%2Ftags&post=1281"}],"curies":[{"name":"wp","href":"https:\/\/api.w.org\/{rel}","templated":true}]}}