{"id":1276,"date":"2013-05-23T16:32:11","date_gmt":"2013-05-23T16:32:11","guid":{"rendered":"http:\/\/www.sogimifi.dns-privadas.es\/?p=1276"},"modified":"2013-05-23T16:32:11","modified_gmt":"2013-05-23T16:32:11","slug":"la-crmn-lleva-guerrero-a-huesca","status":"publish","type":"post","link":"http:\/\/coraldecamaradenavarra.com\/?p=1276&lang=es","title":{"rendered":"LA CRMN LLEVA GUERRERO A HUESCA"},"content":{"rendered":"<h1>LA CRMN LLEVA A GUERRERO A HUESCA<br \/><\/h1>\n<p>El pr\u00f3ximo s\u00e1bado 25 de mayo, la Capilla Renacentista \u00abMichael Navarrus\u00bb clausurar\u00e1 la XIII edici\u00f3n del Festival Mayo Musical de Huesca en la que ser\u00e1 su segunda participaci\u00f3n en \u00e9ste prestigioso festival de M\u00fasica Antigua.<\/p>\n<p>  <!--more-->  <\/p>\n<p><\/p>\n<p><img decoding=\"async\" src=\"http:\/\/www.sogimifi.dns-privadas.es\/wp-content\/uploads\/2013\/03\/guerrero.jpg\" mce_src=\"http:\/\/www.sogimifi.dns-privadas.es\/wp-content\/uploads\/2013\/03\/guerrero.jpg\" style=\"margin: 25px; float: right;\" mce_style=\"margin: 25px; float: right;\" border=\"0\" width=\"600\"><\/p>\n<p>La actividad de la CCN\/NGA no cesa, tanto que \u00e9ste s\u00e1bado tendremos a dos de nuestras agrupaciones actuando, por un lado <b>Jazzy Leap Quintet<\/b> en el Festival urbano ACT\u00daA, en Pamplona y por otro a la Capilla Renacentista \u00abMichael Navarrus\u00bb en el Festival Mayo Musical de Huesca.   <\/p>\n<p>La CRMN ofrecer\u00e1 el concierto \u00abTota Pulchra es\u00bb donde se podr\u00e1n escuchar obras de Francisco Guerrero (Sevilla 1528-Sevilla 1591) con textos extra\u00eddos del Cantar de los Cantares y disfrutar con la lectura del C\u00e1ntico Espiritual de San Juan de la Cruz. <\/p>\n<p>La CRMN contar\u00e1 con el gran organista Daniel Oyarzabal, colaborador habitual de la entidad en el repertorio renacentista. La direcci\u00f3n del concierto correr\u00e1 a cargo de David Guindano, Director art\u00edstico de nuestra entidad.   La cita:  <\/p>\n<p>S\u00e1bado 25 de mayo <\/p>\n<p>Lugar: Capilla Museo de Huesca <\/p>\n<p>Hora: 20:00 horas <\/p>\n<p>Duraci\u00f3n: 70 minutos <\/p>\n<p>Entrada: Entrada: 15 euros. <\/p>\n<p>El concierto supondr\u00e1 la clausura de la XIII edici\u00f3n del Festival Mayo Musical oscense.  <\/p>\n<p><b><b>Para m\u00e1s informaci\u00f3n puedes descargarte el dossier de prensa que incluye el programa de concierto, int\u00e9rpretes etc. pinchando en los pdf.   <\/b><\/b><\/p>\n<p><b><b><br \/> <a href=\"http:\/\/www.sogimifi.dns-privadas.es\/wp-content\/uploads\/2013\/05\/dossierhuesca.pdf\" mce_href=\"http:\/\/www.sogimifi.dns-privadas.es\/wp-content\/uploads\/2013\/05\/dossierhuesca.pdf\" target=\"_blank\"><img decoding=\"async\" src=\"http:\/\/www.sogimifi.dns-privadas.es\/wp-content\/uploads\/2008\/08\/pdf.png\" mce_src=\"http:\/\/www.sogimifi.dns-privadas.es\/wp-content\/uploads\/2008\/08\/pdf.png\" alt=\"icono pdf\" style=\"margin-bottom: 20px;\" mce_style=\"margin-bottom: 20px;\" border=\"0\"><\/a> <br \/> <a target=\"_blank\">DOSSIER DE PRENSA<br \/><\/a><\/b>   <\/b><\/p>\n<p><b><i>22 de mayo de 2013<\/i><\/b><\/p>\n","protected":false},"excerpt":{"rendered":"<p>LA CRMN LLEVA A GUERRERO A HUESCA El pr\u00f3ximo s\u00e1bado 25 de mayo, la Capilla Renacentista \u00abMichael Navarrus\u00bb clausurar\u00e1 la XIII edici\u00f3n del Festival Mayo Musical de Huesca en la que ser\u00e1 su segunda participaci\u00f3n en \u00e9ste prestigioso festival de M\u00fasica Antigua.<\/p>\n","protected":false},"author":1,"featured_media":1253,"comment_status":"open","ping_status":"open","sticky":false,"template":"","format":"standard","meta":[],"categories":[44],"tags":[],"_links":{"self":[{"href":"http:\/\/coraldecamaradenavarra.com\/index.php?rest_route=\/wp\/v2\/posts\/1276"}],"collection":[{"href":"http:\/\/coraldecamaradenavarra.com\/index.php?rest_route=\/wp\/v2\/posts"}],"about":[{"href":"http:\/\/coraldecamaradenavarra.com\/index.php?rest_route=\/wp\/v2\/types\/post"}],"author":[{"embeddable":true,"href":"http:\/\/coraldecamaradenavarra.com\/index.php?rest_route=\/wp\/v2\/users\/1"}],"replies":[{"embeddable":true,"href":"http:\/\/coraldecamaradenavarra.com\/index.php?rest_route=%2Fwp%2Fv2%2Fcomments&post=1276"}],"version-history":[{"count":0,"href":"http:\/\/coraldecamaradenavarra.com\/index.php?rest_route=\/wp\/v2\/posts\/1276\/revisions"}],"wp:featuredmedia":[{"embeddable":true,"href":"http:\/\/coraldecamaradenavarra.com\/index.php?rest_route=\/wp\/v2\/media\/1253"}],"wp:attachment":[{"href":"http:\/\/coraldecamaradenavarra.com\/index.php?rest_route=%2Fwp%2Fv2%2Fmedia&parent=1276"}],"wp:term":[{"taxonomy":"category","embeddable":true,"href":"http:\/\/coraldecamaradenavarra.com\/index.php?rest_route=%2Fwp%2Fv2%2Fcategories&post=1276"},{"taxonomy":"post_tag","embeddable":true,"href":"http:\/\/coraldecamaradenavarra.com\/index.php?rest_route=%2Fwp%2Fv2%2Ftags&post=1276"}],"curies":[{"name":"wp","href":"https:\/\/api.w.org\/{rel}","templated":true}]}}