{"id":1274,"date":"2013-04-25T12:17:56","date_gmt":"2013-04-25T12:17:56","guid":{"rendered":"http:\/\/www.sogimifi.dns-privadas.es\/?p=1274"},"modified":"2013-04-25T12:17:56","modified_gmt":"2013-04-25T12:17:56","slug":"cambio-de-fecha-concierto-baluarte","status":"publish","type":"post","link":"http:\/\/coraldecamaradenavarra.com\/?p=1274&lang=es","title":{"rendered":"CAMBIO DE FECHA CONCIERTO BALUARTE"},"content":{"rendered":"<h1>CAMBIO DE FECHA CONCIERTO BALUARTE<br \/><\/h1>\n<p><b>El concierto \u00abLos secretos de Eros\u00bb se celebrar\u00e1 finalmente el lunes 17 de junio en la Sala de C\u00e1mara de Baluarte&gt; <\/b><\/p>\n<p><b><br \/><\/b><\/p>\n<p><b> <\/b><\/p>\n<p><b><img decoding=\"async\" src=\"http:\/\/www.sogimifi.dns-privadas.es\/wp-content\/uploads\/2013\/04\/balu.jpg\" mce_src=\"http:\/\/www.sogimifi.dns-privadas.es\/wp-content\/uploads\/2013\/04\/balu.jpg\" style=\"margin: 25px; float: right;\" mce_style=\"margin: 25px; float: right;\" border=\"0\" width=\"400\"><\/b><\/p>\n<p><b><b>  <\/b>Por diversos motivos, el concierto que la Capilla Renacentista \u00abMichael Navarrus\u00bb iba a ofrecer el pr\u00f3ximo d\u00eda 30 de abril pasa a celebrarse el lunes 17 de junio. El concierto pondr\u00e1 el broche final al curso entorno al madrigal monteverdiano que se est\u00e1 celebrando desde el d\u00eda 15 de abril en nuestra sede a cargo de David Guindano. El concierto servir\u00e1 para hacer entrega de los diplomas acreditativos de participaci\u00f3n a los alumnos del curso.   <\/b><\/p>\n<p><b>23 de abril de 2013<\/b><\/p>\n<p><\/p>\n","protected":false},"excerpt":{"rendered":"<p>CAMBIO DE FECHA CONCIERTO BALUARTE El concierto \u00abLos secretos de Eros\u00bb se celebrar\u00e1 finalmente el lunes 17 de junio en la Sala de C\u00e1mara de Baluarte&gt; Por diversos motivos, el concierto que la Capilla Renacentista \u00abMichael Navarrus\u00bb iba a ofrecer el pr\u00f3ximo d\u00eda 30 de abril pasa a celebrarse el lunes 17 de junio. El concierto pondr\u00e1 el broche final<\/p>\n","protected":false},"author":1,"featured_media":1273,"comment_status":"open","ping_status":"open","sticky":false,"template":"","format":"standard","meta":[],"categories":[44],"tags":[],"_links":{"self":[{"href":"http:\/\/coraldecamaradenavarra.com\/index.php?rest_route=\/wp\/v2\/posts\/1274"}],"collection":[{"href":"http:\/\/coraldecamaradenavarra.com\/index.php?rest_route=\/wp\/v2\/posts"}],"about":[{"href":"http:\/\/coraldecamaradenavarra.com\/index.php?rest_route=\/wp\/v2\/types\/post"}],"author":[{"embeddable":true,"href":"http:\/\/coraldecamaradenavarra.com\/index.php?rest_route=\/wp\/v2\/users\/1"}],"replies":[{"embeddable":true,"href":"http:\/\/coraldecamaradenavarra.com\/index.php?rest_route=%2Fwp%2Fv2%2Fcomments&post=1274"}],"version-history":[{"count":0,"href":"http:\/\/coraldecamaradenavarra.com\/index.php?rest_route=\/wp\/v2\/posts\/1274\/revisions"}],"wp:featuredmedia":[{"embeddable":true,"href":"http:\/\/coraldecamaradenavarra.com\/index.php?rest_route=\/wp\/v2\/media\/1273"}],"wp:attachment":[{"href":"http:\/\/coraldecamaradenavarra.com\/index.php?rest_route=%2Fwp%2Fv2%2Fmedia&parent=1274"}],"wp:term":[{"taxonomy":"category","embeddable":true,"href":"http:\/\/coraldecamaradenavarra.com\/index.php?rest_route=%2Fwp%2Fv2%2Fcategories&post=1274"},{"taxonomy":"post_tag","embeddable":true,"href":"http:\/\/coraldecamaradenavarra.com\/index.php?rest_route=%2Fwp%2Fv2%2Ftags&post=1274"}],"curies":[{"name":"wp","href":"https:\/\/api.w.org\/{rel}","templated":true}]}}