{"id":1266,"date":"2013-04-04T15:10:27","date_gmt":"2013-04-04T15:10:27","guid":{"rendered":"http:\/\/www.sogimifi.dns-privadas.es\/?p=1266"},"modified":"2013-04-04T15:10:27","modified_gmt":"2013-04-04T15:10:27","slug":"los-secretos-de-eros","status":"publish","type":"post","link":"http:\/\/coraldecamaradenavarra.com\/?p=1266&lang=es","title":{"rendered":"LOS SECRETOS DE EROS"},"content":{"rendered":"<h1>LOS SECRETOS DE EROS<br \/><\/h1>\n<p>La CCN\/NGA presenta su nuevo y peculiar proyecto. Un curso\/taller dedicado al madrigal monteverdiano que culminar\u00e1 en un concierto en la Sala de C\u00e1mara de Auditorio Baluarte el pr\u00f3ximo martes d\u00eda 30 de abril.<\/p>\n<p>  <!--more-->  <\/p>\n<p><\/p>\n<p><img decoding=\"async\" src=\"http:\/\/www.sogimifi.dns-privadas.es\/wp-content\/uploads\/2013\/04\/monteverdi.jpg\" mce_src=\"http:\/\/www.sogimifi.dns-privadas.es\/wp-content\/uploads\/2013\/04\/monteverdi.jpg\" style=\"margin: 25px; float: right;\" mce_style=\"margin: 25px; float: right;\" border=\"0\" width=\"600\"><\/p>\n<p>La actividad de la CCN\/NGA no cesa a pesar de la dificil coyuntura actual. Tras abordar las obras del Maestro F. Guerrero en el Ciclo \u00abM\u00fasica para un tiempo de oraci\u00f3n\u00bb en Pamplona, ahora continuamos con un proyecto propio de la Temporada Encantando 2013 en donde abordaremos la obra de otro de los grandes, <b>Claudio Monteverdi<\/b>.  <\/p>\n<p>Este paso adelante en el repertorio de la Capilla Renacentista \u00abMichael Navarrus\u00bb (CRMN) coincide con el vig\u00e9simo aniversario de la Semana de M\u00fasica dedicada a la obra del \u201cgran Claudio\u201d organizada por el director art\u00edstico de la CCN\/NGA en 1993 con motivo del 350 aniversario de la muerte del compositor y que supuso un hito en el acercamiento de la llamada m\u00fasica antigua a la ciudad en aqu\u00e9l momento cuyo conocimiento era cuando menos incipiente. <\/p>\n<p>Como en dicha ocasi\u00f3n se abre tambi\u00e9n este a\u00f1o esta actividad a  la participaci\u00f3n de la ciudadan\u00eda.  Para ello, la CCN\/NGA ofrece un Curso\/Taller te\u00f3rico pr\u00e1ctico donde conscientes de la importancia de este repertorio y su considerable inaccesibilidad a nivel pr\u00e1ctico, la CCN\/NGA abre de manera gratuita los ensayos de este repertorio a cualquier persona interesada que podr\u00e1 participar de manera activa u oyente.   <\/p>\n<p> Un nuevo proyecto en donde la actividad propia de la CCN\/NGA se abre a la sociedad con el fin de acercar, formar y divulgar los grandes maestros desde el rigor a&nbsp; la que nuestra direcci\u00f3n art\u00edstica nos tiene acostumbrados \u00a1\u00a1NO TE LO PIERDA!!  <\/p>\n<p>El plazo de inscripci\u00f3n finaliza el 14 de abril. EL CURSO ES GRATUITO. PLAZAS LIMITADAS.<\/p>\n<p>Pr\u00f3ximamente os daremos m\u00e1s informaci\u00f3n acerca del concierto que tiene algunas sorpresas&#8230; @:)<\/p>\n<p>El concierto forma parte de la Temporada Ecantando 2013 de la Coral de C\u00e1mara de Navarra.  <\/p>\n<p><b><b>Para m\u00e1s informaci\u00f3n puedes descargarte el dossier del curso que incluye el temario a tratar, el plan de ensayos, el programa de concierto, etc. pinchando en los pdf.   <\/b><\/b><\/p>\n<p><b><b><br \/> <a href=\"http:\/\/www.sogimifi.dns-privadas.es\/wp-content\/uploads\/2013\/04\/cursomonteverdi.pdf\" mce_href=\"http:\/\/www.sogimifi.dns-privadas.es\/wp-content\/uploads\/2013\/04\/cursomonteverdi.pdf\" target=\"_blank\"><img decoding=\"async\" src=\"http:\/\/www.sogimifi.dns-privadas.es\/wp-content\/uploads\/2008\/08\/pdf.png\" mce_src=\"http:\/\/www.sogimifi.dns-privadas.es\/wp-content\/uploads\/2008\/08\/pdf.png\" alt=\"icono pdf\" style=\"margin-bottom: 20px;\" mce_style=\"margin-bottom: 20px;\" border=\"0\"><\/a> <br \/> <a target=\"_blank\">DOSSIER DEL CURSO<br \/><\/a><\/b>   <\/b><\/p>\n<p><b><i>04 de abril de 2013<\/i><\/b><\/p>\n","protected":false},"excerpt":{"rendered":"<p>LOS SECRETOS DE EROS La CCN\/NGA presenta su nuevo y peculiar proyecto. Un curso\/taller dedicado al madrigal monteverdiano que culminar\u00e1 en un concierto en la Sala de C\u00e1mara de Auditorio Baluarte el pr\u00f3ximo martes d\u00eda 30 de abril.<\/p>\n","protected":false},"author":1,"featured_media":1264,"comment_status":"open","ping_status":"open","sticky":false,"template":"","format":"standard","meta":[],"categories":[44],"tags":[],"_links":{"self":[{"href":"http:\/\/coraldecamaradenavarra.com\/index.php?rest_route=\/wp\/v2\/posts\/1266"}],"collection":[{"href":"http:\/\/coraldecamaradenavarra.com\/index.php?rest_route=\/wp\/v2\/posts"}],"about":[{"href":"http:\/\/coraldecamaradenavarra.com\/index.php?rest_route=\/wp\/v2\/types\/post"}],"author":[{"embeddable":true,"href":"http:\/\/coraldecamaradenavarra.com\/index.php?rest_route=\/wp\/v2\/users\/1"}],"replies":[{"embeddable":true,"href":"http:\/\/coraldecamaradenavarra.com\/index.php?rest_route=%2Fwp%2Fv2%2Fcomments&post=1266"}],"version-history":[{"count":0,"href":"http:\/\/coraldecamaradenavarra.com\/index.php?rest_route=\/wp\/v2\/posts\/1266\/revisions"}],"wp:featuredmedia":[{"embeddable":true,"href":"http:\/\/coraldecamaradenavarra.com\/index.php?rest_route=\/wp\/v2\/media\/1264"}],"wp:attachment":[{"href":"http:\/\/coraldecamaradenavarra.com\/index.php?rest_route=%2Fwp%2Fv2%2Fmedia&parent=1266"}],"wp:term":[{"taxonomy":"category","embeddable":true,"href":"http:\/\/coraldecamaradenavarra.com\/index.php?rest_route=%2Fwp%2Fv2%2Fcategories&post=1266"},{"taxonomy":"post_tag","embeddable":true,"href":"http:\/\/coraldecamaradenavarra.com\/index.php?rest_route=%2Fwp%2Fv2%2Ftags&post=1266"}],"curies":[{"name":"wp","href":"https:\/\/api.w.org\/{rel}","templated":true}]}}