{"id":1263,"date":"2013-03-29T12:06:51","date_gmt":"2013-03-29T12:06:51","guid":{"rendered":"http:\/\/www.sogimifi.dns-privadas.es\/?p=1263"},"modified":"2013-03-29T12:06:51","modified_gmt":"2013-03-29T12:06:51","slug":"levitacion-critica-de-qtota-pulchra-esq","status":"publish","type":"post","link":"http:\/\/coraldecamaradenavarra.com\/?p=1263&lang=es","title":{"rendered":"LEVITACI\u00d3N, CR\u00cdTICA DE \u00abTOTA PULCHRA ES\u00bb"},"content":{"rendered":"<h1>LEVITACI\u00d3N, CR\u00cdTICA DE \u00abTOTAL PULCHRA ES\u00bb<br \/><\/h1>\n<p>Os dejamos la cr\u00edtica firmada por TEOBALDOS del concierto del pasado viernes protagonizado por la Capilla Renacentista \u00abMichael Navarrus\u00bb.<\/p>\n<p>  <!--more-->  <\/p>\n<p><\/p>\n<p><img decoding=\"async\" src=\"http:\/\/www.sogimifi.dns-privadas.es\/wp-content\/uploads\/2013\/03\/levitacion.jpg\" mce_src=\"http:\/\/www.sogimifi.dns-privadas.es\/wp-content\/uploads\/2013\/03\/levitacion.jpg\" style=\"margin: 25px; float: right;\" mce_style=\"margin: 25px; float: right;\" border=\"0\" width=\"600\"><\/p>\n<p>En la edici\u00f3n de hoy del rotativo pamplon\u00e9s Diario de Noticias de Navarra ha sido publicada la cr\u00edtica del \u00faltimo concierto de la Capilla Renacentista \u00abMichael Navarrus\u00bb. La cr\u00edtica est\u00e1 firmada por TEOBALDOS.    <\/p>\n<p><b><b>Puedes descargarte la cr\u00edtica en pdf pinchando en el s\u00edmbolo pdf.   <\/b><\/b><\/p>\n<p><b><b><br \/> <a href=\"http:\/\/www.sogimifi.dns-privadas.es\/wp-content\/uploads\/2013\/03\/levitacion.pdf\" mce_href=\"http:\/\/www.sogimifi.dns-privadas.es\/wp-content\/uploads\/2013\/03\/levitacion.pdf\" target=\"_blank\"><img decoding=\"async\" src=\"http:\/\/www.sogimifi.dns-privadas.es\/wp-content\/uploads\/2008\/08\/pdf.png\" mce_src=\"http:\/\/www.sogimifi.dns-privadas.es\/wp-content\/uploads\/2008\/08\/pdf.png\" alt=\"icono pdf\" style=\"margin-bottom: 20px;\" mce_style=\"margin-bottom: 20px;\" border=\"0\"><\/a> <br \/> <a target=\"_blank\">CR\u00cdTICA DE CONCIERTO<br \/><\/a><\/b>   <\/b><\/p>\n<p><b><i>29 de marzo de 2013<\/i><\/b><\/p>\n","protected":false},"excerpt":{"rendered":"<p>LEVITACI\u00d3N, CR\u00cdTICA DE \u00abTOTAL PULCHRA ES\u00bb Os dejamos la cr\u00edtica firmada por TEOBALDOS del concierto del pasado viernes protagonizado por la Capilla Renacentista \u00abMichael Navarrus\u00bb.<\/p>\n","protected":false},"author":1,"featured_media":1261,"comment_status":"open","ping_status":"open","sticky":false,"template":"","format":"standard","meta":[],"categories":[44],"tags":[],"_links":{"self":[{"href":"http:\/\/coraldecamaradenavarra.com\/index.php?rest_route=\/wp\/v2\/posts\/1263"}],"collection":[{"href":"http:\/\/coraldecamaradenavarra.com\/index.php?rest_route=\/wp\/v2\/posts"}],"about":[{"href":"http:\/\/coraldecamaradenavarra.com\/index.php?rest_route=\/wp\/v2\/types\/post"}],"author":[{"embeddable":true,"href":"http:\/\/coraldecamaradenavarra.com\/index.php?rest_route=\/wp\/v2\/users\/1"}],"replies":[{"embeddable":true,"href":"http:\/\/coraldecamaradenavarra.com\/index.php?rest_route=%2Fwp%2Fv2%2Fcomments&post=1263"}],"version-history":[{"count":0,"href":"http:\/\/coraldecamaradenavarra.com\/index.php?rest_route=\/wp\/v2\/posts\/1263\/revisions"}],"wp:featuredmedia":[{"embeddable":true,"href":"http:\/\/coraldecamaradenavarra.com\/index.php?rest_route=\/wp\/v2\/media\/1261"}],"wp:attachment":[{"href":"http:\/\/coraldecamaradenavarra.com\/index.php?rest_route=%2Fwp%2Fv2%2Fmedia&parent=1263"}],"wp:term":[{"taxonomy":"category","embeddable":true,"href":"http:\/\/coraldecamaradenavarra.com\/index.php?rest_route=%2Fwp%2Fv2%2Fcategories&post=1263"},{"taxonomy":"post_tag","embeddable":true,"href":"http:\/\/coraldecamaradenavarra.com\/index.php?rest_route=%2Fwp%2Fv2%2Ftags&post=1263"}],"curies":[{"name":"wp","href":"https:\/\/api.w.org\/{rel}","templated":true}]}}