{"id":1260,"date":"2013-03-29T01:54:27","date_gmt":"2013-03-29T01:54:27","guid":{"rendered":"http:\/\/www.sogimifi.dns-privadas.es\/?p=1260"},"modified":"2013-03-29T01:54:27","modified_gmt":"2013-03-29T01:54:27","slug":"descanse-en-paz-3","status":"publish","type":"post","link":"http:\/\/coraldecamaradenavarra.com\/?p=1260&lang=es","title":{"rendered":"DESCANSE EN PAZ"},"content":{"rendered":"<h1>DESCANSE EN PAZ<br \/><\/h1>\n<p>En el d\u00eda de ayer nos dejaba una de las grandes personalidades de la m\u00fasica navarra, D. Pascual Aldave (Lesaca, 1924).<\/p>\n<p> <!--more-->   <\/p>\n<p><b><img decoding=\"async\" src=\"http:\/\/www.sogimifi.dns-privadas.es\/wp-content\/uploads\/2013\/03\/aldave.jpg\" mce_src=\"http:\/\/www.sogimifi.dns-privadas.es\/wp-content\/uploads\/2013\/03\/aldave.jpg\" style=\"margin: 25px; float: right;\" mce_style=\"margin: 25px; float: right;\" border=\"0\" width=\"500\"><\/b><\/p>\n<p><b>  <\/b><\/p>\n<p><b><b>Pascual Aldave, naci\u00f3 en Lesaca (Navarra) en 1924. Sus primeros estudios musicales fueron realizados con el organista V\u00edctor Albistur en su localidad natal. Adem\u00e1s, estudi\u00f3 piano con Salvador Rada, quien le prepar\u00f3 para que se examinara como alumno libre en el Conservatorio de M\u00fasica de Bilbao. En 1947 fue nombrado organista de la parroquia de Lesaca y cre\u00f3 la Coral de Santa Mar\u00eda de esta villa. <\/b><\/b><\/p>\n<p><b><b>En 1948 se march\u00f3 a M\u00e9xico, donde permaneci\u00f3 un a\u00f1o y entabl\u00f3 relaci\u00f3n con m\u00fasicos como Adolfo Salazar, Rodolfo Halffter o Carlos Ch\u00e1vez. A su vuelta en 1949 continu\u00f3 su formaci\u00f3n en el Conservatorio Superior de M\u00fasica de Barcelona y termin\u00f3 los estudios oficiales en el Conservatorio Municipal de San Sebasti\u00e1n: piano con Jos\u00e9 Mar\u00eda Iraola, y armon\u00eda y composici\u00f3n con Francisco Escudero.  Por otra parte, entre 1954 y 1973 vivi\u00f3 en Par\u00eds, donde perfeccion\u00f3 sus estudios de composici\u00f3n con Nadia Boulanger, los de piano con Agnelle Bundervo\u00ebt y Andr\u00e9e Bonneville, los de orquestaci\u00f3n con Jean Fran\u00e7ais y los de direcci\u00f3n de orquesta con Eug\u00e8ne Bigot. <\/b><\/b><\/p>\n<p><b><b>Posteriormente, fue becado por el Gobierno franc\u00e9s y ofreci\u00f3 recitales de piano en Londres, Par\u00eds, Madrid y San Sebasti\u00e1n.  Entre 1958 y 1966 compagin\u00f3 su actividad art\u00edstica con la docencia de Historia de la M\u00fasica en diversos centros franceses. Entre 1967 y 1973 colabor\u00f3 con la Orquesta de la Radio y Televisi\u00f3n Francesa. Al regresar a Navarra, ocup\u00f3 el cargo de director del Conservatorio Pablo Sarasate de Pamplona entre 1973 y 1983. Asimismo fund\u00f3 la orquesta de C\u00e1mara y el coro de este Centro, con los que dio a conocer diversas obras sinf\u00f3nico-corales de autores como Eslava, Remacha, Berlioz, Charpentier o Stravinski, algunas de ellas estrenos en Espa\u00f1a. Entre 1976 y 1982 estudi\u00f3 \u00f3rgano con Luis Taberna. Desde 1974 es miembro correspondiente de la Real Academia de Bellas Artes de San Fernando de Madrid.  <\/b><\/b><\/p>\n<p><b><b>En el a\u00f1o 2009 recibia la Medalla de Oro del Conservatorio Superior de M\u00fasica de Navarra, momento al que corresponde la fotograf\u00eda de archivo del Diario de Navarra.<\/b><\/b><\/p>\n<p><b>  29 de marzo de 2013<\/b><\/p>\n<p><b><br \/><\/b><\/p>\n","protected":false},"excerpt":{"rendered":"<p>DESCANSE EN PAZ En el d\u00eda de ayer nos dejaba una de las grandes personalidades de la m\u00fasica navarra, D. Pascual Aldave (Lesaca, 1924).<\/p>\n","protected":false},"author":1,"featured_media":1259,"comment_status":"open","ping_status":"open","sticky":false,"template":"","format":"standard","meta":[],"categories":[44],"tags":[],"_links":{"self":[{"href":"http:\/\/coraldecamaradenavarra.com\/index.php?rest_route=\/wp\/v2\/posts\/1260"}],"collection":[{"href":"http:\/\/coraldecamaradenavarra.com\/index.php?rest_route=\/wp\/v2\/posts"}],"about":[{"href":"http:\/\/coraldecamaradenavarra.com\/index.php?rest_route=\/wp\/v2\/types\/post"}],"author":[{"embeddable":true,"href":"http:\/\/coraldecamaradenavarra.com\/index.php?rest_route=\/wp\/v2\/users\/1"}],"replies":[{"embeddable":true,"href":"http:\/\/coraldecamaradenavarra.com\/index.php?rest_route=%2Fwp%2Fv2%2Fcomments&post=1260"}],"version-history":[{"count":0,"href":"http:\/\/coraldecamaradenavarra.com\/index.php?rest_route=\/wp\/v2\/posts\/1260\/revisions"}],"wp:featuredmedia":[{"embeddable":true,"href":"http:\/\/coraldecamaradenavarra.com\/index.php?rest_route=\/wp\/v2\/media\/1259"}],"wp:attachment":[{"href":"http:\/\/coraldecamaradenavarra.com\/index.php?rest_route=%2Fwp%2Fv2%2Fmedia&parent=1260"}],"wp:term":[{"taxonomy":"category","embeddable":true,"href":"http:\/\/coraldecamaradenavarra.com\/index.php?rest_route=%2Fwp%2Fv2%2Fcategories&post=1260"},{"taxonomy":"post_tag","embeddable":true,"href":"http:\/\/coraldecamaradenavarra.com\/index.php?rest_route=%2Fwp%2Fv2%2Ftags&post=1260"}],"curies":[{"name":"wp","href":"https:\/\/api.w.org\/{rel}","templated":true}]}}