{"id":1258,"date":"2013-03-24T19:55:34","date_gmt":"2013-03-24T19:55:34","guid":{"rendered":"http:\/\/www.sogimifi.dns-privadas.es\/?p=1258"},"modified":"2013-03-24T19:55:34","modified_gmt":"2013-03-24T19:55:34","slug":"san-nicolas-se-rinde-a-guerrero","status":"publish","type":"post","link":"http:\/\/coraldecamaradenavarra.com\/?p=1258&lang=es","title":{"rendered":"SAN NICOL\u00c1S SE RINDE A GUERRERO"},"content":{"rendered":"<h1>SAN NICOL\u00c1S SE RINDE A GUERRERO<br \/><\/h1>\n<p>La hist\u00f3rica Parroquia pamplonesa de San Nicol\u00e1s ha acogido el concierto \u00abTota pulchra es\u00bb, enmarcado en el Ciclo M\u00fasica para un tiempo de Oraci\u00f3n. Ante una parroquia abarrotado la Capilla Renacentista \u00abMichael Navarrus\u00bb ha ofecido un concierto de alta polifon\u00eda que fue seguido con un espectacular respeto creando un clima muy acorde con la propuesta art\u00edstica.<\/p>\n<p>  <!--more-->  <\/p>\n<p><\/p>\n<p><img decoding=\"async\" src=\"http:\/\/www.sogimifi.dns-privadas.es\/wp-content\/uploads\/2013\/03\/snic.jpg\" mce_src=\"http:\/\/www.sogimifi.dns-privadas.es\/wp-content\/uploads\/2013\/03\/snic.jpg\" style=\"margin: 25px; float: right;\" mce_style=\"margin: 25px; float: right;\" border=\"0\" width=\"600\"><\/p>\n<p>\u00abSan Nicol\u00e1s se rinde a Guerrero\u00bb, ese podr\u00eda ser perfectamente el titular, m\u00e1s propio del periodismo deportivo que del cultural, del concierto ofrecido por la Capilla Renacentista \u00abMichael Navarrus\u00bb en Pamplona.   <\/p>\n<p>Una Parroquia de San Nicol\u00e1s abarrotada ha asistido, con gran respeto, a una excelente interpretaci\u00f3n del programa dedicado a uno de los grandes de nuestra m\u00fasica, el sevillano Francisco Guerrero. La CRMN, acompa\u00f1ada por el organista Daniel Oyarzabal, ha sido dirigida por nuestro Director Art\u00edstico, David Guindano, que en el concierto de ayer cumpl\u00eda 20 a\u00f1os ininterrumpidos dirigiendo en el Ciclo M\u00fasica para un tiempo de Oraci\u00f3n.   <\/p>\n<p>\u00a1\u00a1Enhorabuena a todos los int\u00e9rpretes!!  <\/p>\n<p><img decoding=\"async\" src=\"http:\/\/www.sogimifi.dns-privadas.es\/wp-content\/uploads\/2013\/03\/snico.jpg\" mce_src=\"http:\/\/www.sogimifi.dns-privadas.es\/wp-content\/uploads\/2013\/03\/snico.jpg\" style=\"margin: 25px; float: right;\" mce_style=\"margin: 25px; float: right;\" border=\"0\" width=\"600\"><\/p>\n<p><\/p>\n<p>  S\u00e1bado 23 de marzo de 2013.<\/p>\n","protected":false},"excerpt":{"rendered":"<p>SAN NICOL\u00c1S SE RINDE A GUERRERO La hist\u00f3rica Parroquia pamplonesa de San Nicol\u00e1s ha acogido el concierto \u00abTota pulchra es\u00bb, enmarcado en el Ciclo M\u00fasica para un tiempo de Oraci\u00f3n. Ante una parroquia abarrotado la Capilla Renacentista \u00abMichael Navarrus\u00bb ha ofecido un concierto de alta polifon\u00eda que fue seguido con un espectacular respeto creando un clima muy acorde con la<\/p>\n","protected":false},"author":1,"featured_media":1256,"comment_status":"open","ping_status":"open","sticky":false,"template":"","format":"standard","meta":[],"categories":[44],"tags":[],"_links":{"self":[{"href":"http:\/\/coraldecamaradenavarra.com\/index.php?rest_route=\/wp\/v2\/posts\/1258"}],"collection":[{"href":"http:\/\/coraldecamaradenavarra.com\/index.php?rest_route=\/wp\/v2\/posts"}],"about":[{"href":"http:\/\/coraldecamaradenavarra.com\/index.php?rest_route=\/wp\/v2\/types\/post"}],"author":[{"embeddable":true,"href":"http:\/\/coraldecamaradenavarra.com\/index.php?rest_route=\/wp\/v2\/users\/1"}],"replies":[{"embeddable":true,"href":"http:\/\/coraldecamaradenavarra.com\/index.php?rest_route=%2Fwp%2Fv2%2Fcomments&post=1258"}],"version-history":[{"count":0,"href":"http:\/\/coraldecamaradenavarra.com\/index.php?rest_route=\/wp\/v2\/posts\/1258\/revisions"}],"wp:featuredmedia":[{"embeddable":true,"href":"http:\/\/coraldecamaradenavarra.com\/index.php?rest_route=\/wp\/v2\/media\/1256"}],"wp:attachment":[{"href":"http:\/\/coraldecamaradenavarra.com\/index.php?rest_route=%2Fwp%2Fv2%2Fmedia&parent=1258"}],"wp:term":[{"taxonomy":"category","embeddable":true,"href":"http:\/\/coraldecamaradenavarra.com\/index.php?rest_route=%2Fwp%2Fv2%2Fcategories&post=1258"},{"taxonomy":"post_tag","embeddable":true,"href":"http:\/\/coraldecamaradenavarra.com\/index.php?rest_route=%2Fwp%2Fv2%2Ftags&post=1258"}],"curies":[{"name":"wp","href":"https:\/\/api.w.org\/{rel}","templated":true}]}}