{"id":1255,"date":"2013-03-24T19:32:12","date_gmt":"2013-03-24T19:32:12","guid":{"rendered":"http:\/\/www.sogimifi.dns-privadas.es\/?p=1255"},"modified":"2013-03-24T19:32:12","modified_gmt":"2013-03-24T19:32:12","slug":"guerrero-sonara-en-san-nicolas","status":"publish","type":"post","link":"http:\/\/coraldecamaradenavarra.com\/?p=1255&lang=es","title":{"rendered":"GUERRERO SONAR\u00c1 EN SAN NICOL\u00c1S"},"content":{"rendered":"<h1>GUERRERO SONAR\u00c1 EN SAN NICOL\u00c1S<br \/><\/h1>\n<p>Ma\u00f1ana viernes, la Capilla Renacentista \u00abMichael Navarrus\u00bb actuar\u00e1 dentro del Ciclo M\u00fasica para un Tiempo de Oraci\u00f3n. David Guindano cumplir\u00e1 20 a\u00f1os consecutivos dirigiendo en el tradicional Ciclo pamplon\u00e9s.<\/p>\n<p>  <!--more-->  <\/p>\n<p><\/p>\n<p><img decoding=\"async\" src=\"http:\/\/www.sogimifi.dns-privadas.es\/wp-content\/uploads\/2013\/03\/guerrero.jpg\" mce_src=\"http:\/\/www.sogimifi.dns-privadas.es\/wp-content\/uploads\/2013\/03\/guerrero.jpg\" style=\"margin: 25px; float: right;\" mce_style=\"margin: 25px; float: right;\" border=\"0\" width=\"600\"><\/p>\n<p>La actividad de la CCN\/NGA no cesa y tras el concierto del pasado martes en el centro penitenciario de Pamplona I a cargo de Jazzy Leap, ma\u00f1ana la Capilla Renacentista \u00abMichael Navarrus\u00bb ofrecer\u00e1 el concierto \u00abTota Pulchra es\u00bb, enmarcado en el tradicional Ciclo M\u00fasica para un tiempo de Oraci\u00f3n que organiza el Ayuntamiento de Pamplona.   <\/p>\n<p>En el concierto se podr\u00e1n escuchar obras de Francisco Guerrero (Sevilla 1528-Sevilla 1591) con textos extra\u00eddos del Cantar de los Cantares y disfrutar con la lectura del C\u00e1ntico Espiritual de San Juan de la Cruz. <\/p>\n<p>La CRMN contar\u00e1 con el gran organista Daniel Oyarzabal, colaborador habitual de la entidad en el repertorio renacentista. La direcci\u00f3n del concierto correr\u00e1 a cargo de David Guindano en un concierto muy especial para el Director art\u00edstico de nuestra entidad que cumplir\u00e1 20 a\u00f1os consecutivos dirigiendo en el tradicional Ciclo pamplon\u00e9s.   <\/p>\n<p><\/p>\n<p> En definitiva, la CCN\/NGA ofrece otro nuevo concierto desde el rigor  la que su direcci\u00f3n art\u00edstica nos tiene acostumbrados \u00a1\u00a1DISFRUTALO!!  <\/p>\n<p>Viernes 22 de marzo <\/p>\n<p>Lugar: Parroquia de San Nicol\u00e1s <\/p>\n<p>Hora: 20:00 horas <\/p>\n<p>Duraci\u00f3n: 70 minutos <\/p>\n<p>Entrada: Entrada Libre. <\/p>\n<p>El concierto se celebra dentro del Ciclo M\u00fasica para un tiempo de Oraci\u00f3n.  <\/p>\n<p><b><b>Para m\u00e1s informaci\u00f3n puedes descargarte el dossier de prensa que incluye el programa de concierto, int\u00e9rpretes etc. pinchando en los pdf.   <\/b><\/b><\/p>\n<p><b><b><br \/> <a href=\"http:\/\/www.sogimifi.dns-privadas.es\/wp-content\/uploads\/2013\/03\/tota.pdf\" mce_href=\"http:\/\/www.sogimifi.dns-privadas.es\/wp-content\/uploads\/2013\/03\/tota.pdf\" target=\"_blank\"><img decoding=\"async\" src=\"http:\/\/www.sogimifi.dns-privadas.es\/wp-content\/uploads\/2008\/08\/pdf.png\" mce_src=\"http:\/\/www.sogimifi.dns-privadas.es\/wp-content\/uploads\/2008\/08\/pdf.png\" alt=\"icono pdf\" style=\"margin-bottom: 20px;\" mce_style=\"margin-bottom: 20px;\" border=\"0\"><\/a> <br \/> <a target=\"_blank\">DOSSIER DE PRENSA<br \/><\/a><\/b>   <\/b><\/p>\n<p><b><i>21 de marzo de 2013<\/i><\/b><\/p>\n","protected":false},"excerpt":{"rendered":"<p>GUERRERO SONAR\u00c1 EN SAN NICOL\u00c1S Ma\u00f1ana viernes, la Capilla Renacentista \u00abMichael Navarrus\u00bb actuar\u00e1 dentro del Ciclo M\u00fasica para un Tiempo de Oraci\u00f3n. David Guindano cumplir\u00e1 20 a\u00f1os consecutivos dirigiendo en el tradicional Ciclo pamplon\u00e9s.<\/p>\n","protected":false},"author":1,"featured_media":1253,"comment_status":"open","ping_status":"open","sticky":false,"template":"","format":"standard","meta":[],"categories":[44],"tags":[],"_links":{"self":[{"href":"http:\/\/coraldecamaradenavarra.com\/index.php?rest_route=\/wp\/v2\/posts\/1255"}],"collection":[{"href":"http:\/\/coraldecamaradenavarra.com\/index.php?rest_route=\/wp\/v2\/posts"}],"about":[{"href":"http:\/\/coraldecamaradenavarra.com\/index.php?rest_route=\/wp\/v2\/types\/post"}],"author":[{"embeddable":true,"href":"http:\/\/coraldecamaradenavarra.com\/index.php?rest_route=\/wp\/v2\/users\/1"}],"replies":[{"embeddable":true,"href":"http:\/\/coraldecamaradenavarra.com\/index.php?rest_route=%2Fwp%2Fv2%2Fcomments&post=1255"}],"version-history":[{"count":0,"href":"http:\/\/coraldecamaradenavarra.com\/index.php?rest_route=\/wp\/v2\/posts\/1255\/revisions"}],"wp:featuredmedia":[{"embeddable":true,"href":"http:\/\/coraldecamaradenavarra.com\/index.php?rest_route=\/wp\/v2\/media\/1253"}],"wp:attachment":[{"href":"http:\/\/coraldecamaradenavarra.com\/index.php?rest_route=%2Fwp%2Fv2%2Fmedia&parent=1255"}],"wp:term":[{"taxonomy":"category","embeddable":true,"href":"http:\/\/coraldecamaradenavarra.com\/index.php?rest_route=%2Fwp%2Fv2%2Fcategories&post=1255"},{"taxonomy":"post_tag","embeddable":true,"href":"http:\/\/coraldecamaradenavarra.com\/index.php?rest_route=%2Fwp%2Fv2%2Ftags&post=1255"}],"curies":[{"name":"wp","href":"https:\/\/api.w.org\/{rel}","templated":true}]}}