{"id":1252,"date":"2013-03-18T15:42:34","date_gmt":"2013-03-18T15:42:34","guid":{"rendered":"http:\/\/www.sogimifi.dns-privadas.es\/?p=1252"},"modified":"2013-03-18T15:42:34","modified_gmt":"2013-03-18T15:42:34","slug":"presentado-el-ciclo-musica-para-un-tiempo-de-oracion","status":"publish","type":"post","link":"http:\/\/coraldecamaradenavarra.com\/?p=1252&lang=es","title":{"rendered":"PRESENTADO EL CICLO M\u00daSICA PARA UN TIEMPO DE ORACI\u00d3N"},"content":{"rendered":"<p><br mce_bogus=\"1\"><\/p>\n<h1>PRESENTADO EL CICLO \u00abM\u00daSICA PARA UN TIEMPO DE ORACI\u00d3N\u00bb<br \/><\/h1>\n<p><b>Presentada una nueva edici\u00f3n del Ciclo \u00abM\u00fasica para un Tiempo de Oraci\u00f3n\u00bb programado por el Ayuntamiento de Pamplona. El Ciclo lo componen diez conciertos y tres conferencias. Entre los conciertos destaca el que la Capilla Renacentista \u00abMichael Navarrus\u00bb de la CCN\/NGA ofrecer\u00e1 el viernes 22 en la Iglesia de San Nicol\u00e1s a las 20:00 hoas.<\/b><\/p>\n<p> <!--more-->    <\/p>\n<p><\/p>\n<p>El pasado mi\u00e9rcoles d\u00eda 13 en el Ayuntamiento de Pamplona fue presentado en rueda de prensa una nueva edici\u00f3n del Ciclo \u00abM\u00fasica para un tiempo de Oraci\u00f3n\u00bb. El concejal de Educaci\u00f3n y Cultura del Ayuntamiento de Pamplona, D. Ferm\u00edn Alonso, fue el encargado de presentar el Ciclo que tild\u00f3 de \u00abvariado y de calidad\u00bb. En la mesa estuvo acompa\u00f1ado por D. David Guindano, Director Art\u00edstico de la Coral de C\u00e1mara de Navarra, D. Aurelio Sagaseta, Maestro de Capilla de la Catedral de Pamplona y D. David G\u00e1lvez, director de la Coral de C\u00e1mara de Pamplona.<\/p>\n<p>En esta edici\u00f3n cabe destacar los 20 a\u00f1os que cumplir\u00e1 nuestro Director Art\u00edstico dirigiendo ininterrumpidamente en este tradicional Ciclo pamplon\u00e9s.<\/p>\n<p>La Capilla Renacentista \u00abMichael Navarrus\u00bb de la Coral de C\u00e1mara de Navarra ofrecer\u00e1 el concierto \u00abTotal pulchra es\u00bb, un programa que se compone de obras de Francisco Guerrero (Sevilla, 1528-1591) con textos extra\u00eddos del Cantar de los Cantares y la lectura del C\u00e1ntico Espiritual de San Juan de la Cruz (1542-1599). La CRMN contar\u00e1 con el organista Daniel Oyarzabal todos ellos bajo la direcci\u00f3n de David Guindano Igarreta. El concierto tendr\u00e1 lugar el pr\u00f3ximo viernes 22 de marzo en la Iglesia de San Nicol\u00e1s de la capital navarra.   <\/p>\n<p>Fotograf\u00eda: Rueda de prensa de presentaci\u00f3n del Ciclo celebrada esta ma\u00f1ana con la asistencia de D. Ferm\u00edn Alonso, Concejal de Educaci\u00f3n y Cultura del Ayuntamiento de Pamplona, D. David Guindano, Director art\u00edstico de la Coral de C\u00e1mara de Navarra, D. Aurelio Sagaseta, Maestro de Capilla de la Catedral de Pamplona y D. David G\u00e1lvez, Director de la Coral de C\u00e1mara de Pamplona.  <\/p>\n<p><img decoding=\"async\" src=\"http:\/\/www.sogimifi.dns-privadas.es\/wp-content\/uploads\/2013\/03\/mto.jpg\" mce_src=\"http:\/\/www.sogimifi.dns-privadas.es\/wp-content\/uploads\/2013\/03\/mto.jpg\" style=\"margin: 25px; float: right;\" mce_style=\"margin: 25px; float: right;\" border=\"0\" width=\"500\"><\/p>\n<p><\/p>\n<p>   14 de marzo de 2013<\/p>\n","protected":false},"excerpt":{"rendered":"<p>PRESENTADO EL CICLO \u00abM\u00daSICA PARA UN TIEMPO DE ORACI\u00d3N\u00bb Presentada una nueva edici\u00f3n del Ciclo \u00abM\u00fasica para un Tiempo de Oraci\u00f3n\u00bb programado por el Ayuntamiento de Pamplona. El Ciclo lo componen diez conciertos y tres conferencias. Entre los conciertos destaca el que la Capilla Renacentista \u00abMichael Navarrus\u00bb de la CCN\/NGA ofrecer\u00e1 el viernes 22 en la Iglesia de San Nicol\u00e1s<\/p>\n","protected":false},"author":1,"featured_media":1251,"comment_status":"open","ping_status":"open","sticky":false,"template":"","format":"standard","meta":[],"categories":[44],"tags":[],"_links":{"self":[{"href":"http:\/\/coraldecamaradenavarra.com\/index.php?rest_route=\/wp\/v2\/posts\/1252"}],"collection":[{"href":"http:\/\/coraldecamaradenavarra.com\/index.php?rest_route=\/wp\/v2\/posts"}],"about":[{"href":"http:\/\/coraldecamaradenavarra.com\/index.php?rest_route=\/wp\/v2\/types\/post"}],"author":[{"embeddable":true,"href":"http:\/\/coraldecamaradenavarra.com\/index.php?rest_route=\/wp\/v2\/users\/1"}],"replies":[{"embeddable":true,"href":"http:\/\/coraldecamaradenavarra.com\/index.php?rest_route=%2Fwp%2Fv2%2Fcomments&post=1252"}],"version-history":[{"count":0,"href":"http:\/\/coraldecamaradenavarra.com\/index.php?rest_route=\/wp\/v2\/posts\/1252\/revisions"}],"wp:featuredmedia":[{"embeddable":true,"href":"http:\/\/coraldecamaradenavarra.com\/index.php?rest_route=\/wp\/v2\/media\/1251"}],"wp:attachment":[{"href":"http:\/\/coraldecamaradenavarra.com\/index.php?rest_route=%2Fwp%2Fv2%2Fmedia&parent=1252"}],"wp:term":[{"taxonomy":"category","embeddable":true,"href":"http:\/\/coraldecamaradenavarra.com\/index.php?rest_route=%2Fwp%2Fv2%2Fcategories&post=1252"},{"taxonomy":"post_tag","embeddable":true,"href":"http:\/\/coraldecamaradenavarra.com\/index.php?rest_route=%2Fwp%2Fv2%2Ftags&post=1252"}],"curies":[{"name":"wp","href":"https:\/\/api.w.org\/{rel}","templated":true}]}}