{"id":1250,"date":"2013-03-18T15:33:00","date_gmt":"2013-03-18T15:33:00","guid":{"rendered":"http:\/\/www.sogimifi.dns-privadas.es\/?p=1250"},"modified":"2013-03-18T15:33:00","modified_gmt":"2013-03-18T15:33:00","slug":"jazzy-leap-ofrecera-un-concierto-en-la-carcel-de-pamplona-i","status":"publish","type":"post","link":"http:\/\/coraldecamaradenavarra.com\/?p=1250&lang=es","title":{"rendered":"JAZZY LEAP OFRECER\u00c1 UN CONCIERTO EN LA CARCEL DE PAMPLONA I"},"content":{"rendered":"<p><br mce_bogus=\"1\"><\/p>\n<h1>JAZZY LEAP OFRECER\u00c1 UN CONCIERTO EN LA CARCEL DE PAMPLONA I<br \/><\/h1>\n<p><b>Ma\u00f1ana martes d\u00eda 19, y gracias a la colaboraci\u00f3n con la Asociaci\u00f3n navarra SARE, la agrupaci\u00f3n <\/b><b>Jazzy Leap <\/b><b>de la CCN\/NGA, ofrecer\u00e1 un concierto en la Prisi\u00f3n Pamplona I.<\/b><\/p>\n<p> <!--more-->  <\/p>\n<p>Ma\u00f1ana martes 19, nuestra secci\u00f3n de Jazz y M\u00fasica moderna <b>Jazzy Leap<\/b> odrecer\u00e1 un concierto muy especial. Un concierto en la Carcel de Pamplona I. Gracias al acuerdo de colaboraci\u00f3n con la Asociaci\u00f3n afincada en Pamplona <a mce_href=\"http:\/\/www.sare-vih.org\/\" href=\"http:\/\/www.sare-vih.org\/\">SARE<\/a>, los internos de 3 m\u00f3dulos podr\u00e1n disfrutar de un concierto protagonizado por Jazzy Leap y que estar\u00e1 dirigido por Andoni Arcilla. <\/p>\n<p> La Asociaci\u00f3n SARE de apoyo y prevenci\u00f3n vih, en colaboraci\u00f3n con la Coral de C\u00e1mara de Navarra ha organizado un concierto a cargo de JAZZY LEAP ma\u00f1ana d\u00eda 19 de marzo en la Prisi\u00f3n de Pamplona. <\/p>\n<p> Organizar conciertos en la prisi\u00f3n de Pamplona, es una de las actividades que la Asociaci\u00f3n SARE realiza, desde hace 20 a\u00f1os, dentro de su programa de Educaci\u00f3n para la salud y Prevenci\u00f3n de vih dirigido a las personas privadas de libertad. Los conciertos en prisi\u00f3n tienen como objetivos facilitar unos momentos de encuentro, en un ambiente distendido en el que parecen olvidarse los muros de la prisi\u00f3n; promocionar la cultura con la colaboraci\u00f3n altruista de grupos culturales y musicales de nuestra comunidad y ofrecer informaci\u00f3n sobre los servicios que ofrecemos dentro del Centro Penitenciario: Talleres de Educaci\u00f3n para la Salud y Prevenci\u00f3n de vih, Programa de intercambio de Jeringuillas, formaci\u00f3n de mediadores y mediadoras en salud, apoyo emocional a personas que viven con vih y talleres de meditaci\u00f3n para mejorar su calidad de vida.  <\/p>\n<p><img decoding=\"async\" src=\"http:\/\/www.sogimifi.dns-privadas.es\/wp-content\/uploads\/2013\/03\/sare.jpg\" mce_src=\"http:\/\/www.sogimifi.dns-privadas.es\/wp-content\/uploads\/2013\/03\/sare.jpg\" style=\"margin: 25px; float: right;\" mce_style=\"margin: 25px; float: right;\" border=\"0\" width=\"500\"><\/p>\n<p><\/p>\n<p>   18 de marzo de 2013<\/p>\n","protected":false},"excerpt":{"rendered":"<p>JAZZY LEAP OFRECER\u00c1 UN CONCIERTO EN LA CARCEL DE PAMPLONA I Ma\u00f1ana martes d\u00eda 19, y gracias a la colaboraci\u00f3n con la Asociaci\u00f3n navarra SARE, la agrupaci\u00f3n Jazzy Leap de la CCN\/NGA, ofrecer\u00e1 un concierto en la Prisi\u00f3n Pamplona I.<\/p>\n","protected":false},"author":1,"featured_media":1249,"comment_status":"open","ping_status":"open","sticky":false,"template":"","format":"standard","meta":[],"categories":[44],"tags":[],"_links":{"self":[{"href":"http:\/\/coraldecamaradenavarra.com\/index.php?rest_route=\/wp\/v2\/posts\/1250"}],"collection":[{"href":"http:\/\/coraldecamaradenavarra.com\/index.php?rest_route=\/wp\/v2\/posts"}],"about":[{"href":"http:\/\/coraldecamaradenavarra.com\/index.php?rest_route=\/wp\/v2\/types\/post"}],"author":[{"embeddable":true,"href":"http:\/\/coraldecamaradenavarra.com\/index.php?rest_route=\/wp\/v2\/users\/1"}],"replies":[{"embeddable":true,"href":"http:\/\/coraldecamaradenavarra.com\/index.php?rest_route=%2Fwp%2Fv2%2Fcomments&post=1250"}],"version-history":[{"count":0,"href":"http:\/\/coraldecamaradenavarra.com\/index.php?rest_route=\/wp\/v2\/posts\/1250\/revisions"}],"wp:featuredmedia":[{"embeddable":true,"href":"http:\/\/coraldecamaradenavarra.com\/index.php?rest_route=\/wp\/v2\/media\/1249"}],"wp:attachment":[{"href":"http:\/\/coraldecamaradenavarra.com\/index.php?rest_route=%2Fwp%2Fv2%2Fmedia&parent=1250"}],"wp:term":[{"taxonomy":"category","embeddable":true,"href":"http:\/\/coraldecamaradenavarra.com\/index.php?rest_route=%2Fwp%2Fv2%2Fcategories&post=1250"},{"taxonomy":"post_tag","embeddable":true,"href":"http:\/\/coraldecamaradenavarra.com\/index.php?rest_route=%2Fwp%2Fv2%2Ftags&post=1250"}],"curies":[{"name":"wp","href":"https:\/\/api.w.org\/{rel}","templated":true}]}}