{"id":1248,"date":"2013-02-21T11:24:47","date_gmt":"2013-02-21T11:24:47","guid":{"rendered":"http:\/\/www.sogimifi.dns-privadas.es\/?p=1248"},"modified":"2013-02-21T11:24:47","modified_gmt":"2013-02-21T11:24:47","slug":"segunda-fase-de-grabacon-del-proyecto-donostia","status":"publish","type":"post","link":"http:\/\/coraldecamaradenavarra.com\/?p=1248&lang=es","title":{"rendered":"SEGUNDA FASE DE GRABACI\u00d3N DEL PROYECTO DONOSTIA"},"content":{"rendered":"<p><br mce_bogus=\"1\"><\/p>\n<h1>LA CCN\/NGA ABORDA LA FASE II DE GRABACI\u00d3N DEL PROYECTO DONOSTIA<br \/><\/h1>\n<p><b>Desde el pr\u00f3ximo viernes d\u00eda 22 hasta el domingo 24 de febrero las magn\u00edficas instalacioes del Liceo Monjard\u00edn de Pamplona acoger\u00e1n la segunda fase de la grabaci\u00f3n del proyecto Donostia.<\/b><\/p>\n<p> <!--more-->  <\/p>\n<p>La grabaci\u00f3n de la obra profana en euskera del Padre Donostia era uno de los principales proyectos de la temporada 2012 de la CCN\/NGA. La cantidad de compromisos institucionales que la CCN\/NGA tuvo que abordar los pasados meses de noviembre y diciembre de 2012, fechas en las que estaba prevista celebrar la segunda fase de grabaci\u00f3n, hicieron que \u00e9sta se tuviera que retrasar al mes de febrero.  El proyecto, comenzado en junio de 2012, pretende reunir a las principales voces navarras de las \u00faltimas d\u00e9cadas entorno a la obra de Donostia puesto que para los cantantes navarros que, como es habitual, han comenzado su labor y formaci\u00f3n en entidades corales, estas obras del Padre Donostia son absolutamente referenciales y queridas, dada la profusi\u00f3n con que se programan en este entorno.   <\/p>\n<p>Este gran proyecto de un valor musicol\u00f3gico importate puesto que no est\u00e1n grabadas en su totalidad, est\u00e1 siendo registrado por el gran sello discogr\u00e1fico ARSIS. La direcci\u00f3n art\u00edstica de la grabaci\u00f3n corre a cargo de Manu Sagastume, experimentado director y gran conocedor del mundo coral. La direcci\u00f3n de la totalidad de la producci\u00f3n est\u00e1 en manos de nuestro director art\u00edstico David Guindano.  En la primera fase de grabaci\u00f3n colaboraron con nosotros los siguientes solistas (por orden de grabaci\u00f3n):  <\/p>\n<p>&#8211; Noem\u00ed Irisarri &#8211; M\u00aa Carmen Arbizu &#8211; David Echeverr\u00eda &#8211; Arantza Ira\u00f1eta &#8211; M\u00aa Jos\u00e9 Elverdin &#8211; Beatriz Lorente &#8211; Juan Miguel Echarri &#8211; Eugenia Echarren &#8211; Eduardo Zubikoa &#8211; I\u00f1igo Casal\u00ed <\/p>\n<p> En la segunda fase, est\u00e1 prevista la participaci\u00f3n de m\u00e1s de 20 solistas. Tras la finalizaci\u00f3n de la misma, el macroproyecto estar\u00e1 finalizado al 85%.  <\/p>\n<p><img decoding=\"async\" src=\"http:\/\/www.sogimifi.dns-privadas.es\/wp-content\/uploads\/2013\/02\/donostia.jpg\" mce_src=\"http:\/\/www.sogimifi.dns-privadas.es\/wp-content\/uploads\/2013\/02\/donostia.jpg\" style=\"margin: 25px; float: right;\" mce_style=\"margin: 25px; float: right;\" border=\"0\" width=\"500\"><\/p>\n<p><\/p>\n<p>   21 de febrero de 2013<\/p>\n","protected":false},"excerpt":{"rendered":"<p>LA CCN\/NGA ABORDA LA FASE II DE GRABACI\u00d3N DEL PROYECTO DONOSTIA Desde el pr\u00f3ximo viernes d\u00eda 22 hasta el domingo 24 de febrero las magn\u00edficas instalacioes del Liceo Monjard\u00edn de Pamplona acoger\u00e1n la segunda fase de la grabaci\u00f3n del proyecto Donostia.<\/p>\n","protected":false},"author":1,"featured_media":1247,"comment_status":"open","ping_status":"open","sticky":false,"template":"","format":"standard","meta":[],"categories":[44],"tags":[],"_links":{"self":[{"href":"http:\/\/coraldecamaradenavarra.com\/index.php?rest_route=\/wp\/v2\/posts\/1248"}],"collection":[{"href":"http:\/\/coraldecamaradenavarra.com\/index.php?rest_route=\/wp\/v2\/posts"}],"about":[{"href":"http:\/\/coraldecamaradenavarra.com\/index.php?rest_route=\/wp\/v2\/types\/post"}],"author":[{"embeddable":true,"href":"http:\/\/coraldecamaradenavarra.com\/index.php?rest_route=\/wp\/v2\/users\/1"}],"replies":[{"embeddable":true,"href":"http:\/\/coraldecamaradenavarra.com\/index.php?rest_route=%2Fwp%2Fv2%2Fcomments&post=1248"}],"version-history":[{"count":0,"href":"http:\/\/coraldecamaradenavarra.com\/index.php?rest_route=\/wp\/v2\/posts\/1248\/revisions"}],"wp:featuredmedia":[{"embeddable":true,"href":"http:\/\/coraldecamaradenavarra.com\/index.php?rest_route=\/wp\/v2\/media\/1247"}],"wp:attachment":[{"href":"http:\/\/coraldecamaradenavarra.com\/index.php?rest_route=%2Fwp%2Fv2%2Fmedia&parent=1248"}],"wp:term":[{"taxonomy":"category","embeddable":true,"href":"http:\/\/coraldecamaradenavarra.com\/index.php?rest_route=%2Fwp%2Fv2%2Fcategories&post=1248"},{"taxonomy":"post_tag","embeddable":true,"href":"http:\/\/coraldecamaradenavarra.com\/index.php?rest_route=%2Fwp%2Fv2%2Ftags&post=1248"}],"curies":[{"name":"wp","href":"https:\/\/api.w.org\/{rel}","templated":true}]}}