{"id":1246,"date":"2013-02-01T16:42:45","date_gmt":"2013-02-01T16:42:45","guid":{"rendered":"http:\/\/www.sogimifi.dns-privadas.es\/?p=1246"},"modified":"2013-02-01T16:42:45","modified_gmt":"2013-02-01T16:42:45","slug":"the-swing-de-jazzyy-leap-en-auditorio-baranain","status":"publish","type":"post","link":"http:\/\/coraldecamaradenavarra.com\/?p=1246&lang=es","title":{"rendered":"THE SWING, DE JAZZYY LEAP, EN AUDITORIO BARA\u00d1AIN"},"content":{"rendered":"<h1>THE SWING, DE JAZZY LEAP, EN AUDITORIO BARA\u00d1AIN<br \/><\/h1>\n<p>El pr\u00f3ximo viernes d\u00eda 01 de febrero el Auditorio Bara\u00f1ain acoger\u00e1 el espect\u00e1culo \u00abThe Swing\u00bb, programa tem\u00e1tico de Jazzy Leap dedicado al importante g\u00e9nero de la \u00e9poca dorada del Jazz; el Swing.<\/p>\n<p>  <!--more-->  <\/p>\n<p><\/p>\n<p><img decoding=\"async\" src=\"http:\/\/www.sogimifi.dns-privadas.es\/wp-content\/uploads\/2012\/11\/micro.jpg\" mce_src=\"http:\/\/www.sogimifi.dns-privadas.es\/wp-content\/uploads\/2012\/11\/micro.jpg\" style=\"margin: 25px; float: right;\" mce_style=\"margin: 25px; float: right;\" border=\"0\" width=\"600\"><\/p>\n<p>Jazzy Leap est\u00e1 de vuelta en Bara\u00f1ain. Tras su exitoso primer a\u00f1o de vida, la secci\u00f3n de Jazz de la Coral de C\u00e1mara de Navarra vuelve con fuerza con un espectaculo dedicado al Swing. El conjunto dirigido por Andoni Arcilla, estar\u00e1 acompa\u00f1ado por el Andoni Arcilla Quartet compuesto por Jorge Abad\u00edas (guitarra), Marcelo Escrich (contrabajo), Daniel Lizarrzga (bateria)y el propio Andoni Arcilla a la voz y piano.  <\/p>\n<p>En esta ocasi\u00f3n, el programa se centra en la denominada \u00e9poca dorada del jazz: el swing. Dicho calificativo se debe probablemente a la gran popularidad que alcanz\u00f3 esta m\u00fasica en los a\u00f1os 30. Era el estilo que estaba de moda, que se impon\u00eda en las salas\u2026 sirva como ejemplo \u201cel Savoy\u201d, donde habitualmente la orquesta de Chick Webb (cuya cantante estrella era la gran Ella Fitzgerald en sus primeros a\u00f1os de carrera) se bat\u00eda en duelo musical con otra Big Band invitada, tocando consecutivamente a turnos de 30 minutos, luchando por ser la que m\u00e1s excitara al p\u00fablico. <\/p>\n<p> En definitiva, la CCN\/NGA nuevamente presenta un concierto poco usual, y que pocas entidades pueden acometer actualmente en nuestro pa\u00eds. \u00a1\u00a1TODA UNA EXPERIENCIA!!  <\/p>\n<p>viernes 01 de febrero <\/p>\n<p>Lugar: Auditorio Bara\u00f1ain <\/p>\n<p>Hora: 20:30 horas <\/p>\n<p>Duraci\u00f3n: 70 minutos <\/p>\n<p>Entrada: 10 euros entrada general  <\/p>\n<p>Entrada: 8 euros entrada socios CCN\/NGA<\/p>\n<p><\/p>\n<p><\/p>\n<p><b><b>Para m\u00e1s informaci\u00f3n puedes descargarte el dossier de prensa que incluye el programa de concierto, int\u00e9rpretes etc. pinchando en los pdf.   <\/b><\/b><\/p>\n<p><b><b><br \/> <a href=\"http:\/\/www.sogimifi.dns-privadas.es\/wp-content\/uploads\/2013\/02\/dossieraudibara.pdf\" mce_href=\"http:\/\/www.sogimifi.dns-privadas.es\/wp-content\/uploads\/2013\/02\/dossieraudibara.pdf\" target=\"_blank\"><img decoding=\"async\" src=\"http:\/\/www.sogimifi.dns-privadas.es\/wp-content\/uploads\/2008\/08\/pdf.png\" mce_src=\"http:\/\/www.sogimifi.dns-privadas.es\/wp-content\/uploads\/2008\/08\/pdf.png\" alt=\"icono pdf\" style=\"margin-bottom: 20px;\" mce_style=\"margin-bottom: 20px;\" border=\"0\"><\/a> <br \/> <a target=\"_blank\">DOSSIER DE PRENSA<br \/><\/a><\/b><\/b><\/p>\n<p>  30 de febrero de 2013<\/p>\n","protected":false},"excerpt":{"rendered":"<p>THE SWING, DE JAZZY LEAP, EN AUDITORIO BARA\u00d1AIN El pr\u00f3ximo viernes d\u00eda 01 de febrero el Auditorio Bara\u00f1ain acoger\u00e1 el espect\u00e1culo \u00abThe Swing\u00bb, programa tem\u00e1tico de Jazzy Leap dedicado al importante g\u00e9nero de la \u00e9poca dorada del Jazz; el Swing.<\/p>\n","protected":false},"author":1,"featured_media":1212,"comment_status":"open","ping_status":"open","sticky":false,"template":"","format":"standard","meta":[],"categories":[44],"tags":[],"_links":{"self":[{"href":"http:\/\/coraldecamaradenavarra.com\/index.php?rest_route=\/wp\/v2\/posts\/1246"}],"collection":[{"href":"http:\/\/coraldecamaradenavarra.com\/index.php?rest_route=\/wp\/v2\/posts"}],"about":[{"href":"http:\/\/coraldecamaradenavarra.com\/index.php?rest_route=\/wp\/v2\/types\/post"}],"author":[{"embeddable":true,"href":"http:\/\/coraldecamaradenavarra.com\/index.php?rest_route=\/wp\/v2\/users\/1"}],"replies":[{"embeddable":true,"href":"http:\/\/coraldecamaradenavarra.com\/index.php?rest_route=%2Fwp%2Fv2%2Fcomments&post=1246"}],"version-history":[{"count":0,"href":"http:\/\/coraldecamaradenavarra.com\/index.php?rest_route=\/wp\/v2\/posts\/1246\/revisions"}],"wp:featuredmedia":[{"embeddable":true,"href":"http:\/\/coraldecamaradenavarra.com\/index.php?rest_route=\/wp\/v2\/media\/1212"}],"wp:attachment":[{"href":"http:\/\/coraldecamaradenavarra.com\/index.php?rest_route=%2Fwp%2Fv2%2Fmedia&parent=1246"}],"wp:term":[{"taxonomy":"category","embeddable":true,"href":"http:\/\/coraldecamaradenavarra.com\/index.php?rest_route=%2Fwp%2Fv2%2Fcategories&post=1246"},{"taxonomy":"post_tag","embeddable":true,"href":"http:\/\/coraldecamaradenavarra.com\/index.php?rest_route=%2Fwp%2Fv2%2Ftags&post=1246"}],"curies":[{"name":"wp","href":"https:\/\/api.w.org\/{rel}","templated":true}]}}